{"id":4918,"date":"2018-02-08T15:00:04","date_gmt":"2018-02-08T14:00:04","guid":{"rendered":"http:\/\/www.ert.tn\/pmf\/?p=4918"},"modified":"2018-06-18T11:13:28","modified_gmt":"2018-06-18T09:13:28","slug":"stage-de-danse-folklorique-app-nous-sommes-condamnes-a-esperer","status":"publish","type":"post","link":"https:\/\/www.ert.tn\/pmf\/2018\/02\/08\/stage-de-danse-folklorique-app-nous-sommes-condamnes-a-esperer\/","title":{"rendered":"Stage de danse folklorique &#8211; APP \u00ab\u00a0Nous sommes condamnes a esp\u00e9rer\u00a0\u00bb"},"content":{"rendered":"<div style=\"text-align: center;\">\n<p style=\"text-align: left;\">Dans le cadre de l&rsquo;APP \u00ab\u00a0Nous sommes condamn\u00e9s a esp\u00e9rer\u00a0\u00bb, les \u00e9l\u00e8ves de <strong>Seconde 1\/2 OIB<\/strong> ont particip\u00e9 \u00e0 un stage de danse folklorique.<\/p>\n<p style=\"text-align: left;\">Voici le <strong>t\u00e9moignage<\/strong> d&rsquo;une des \u00e9l\u00e8ves avec une <strong>vid\u00e9o du stage <a href=\"http:\/\/www.ert.tn\/pmf\/wp-content\/uploads\/2018\/06\/stage-de-danse-version-arabe.pdf\" target=\"_blank\" rel=\"noopener\">(version en arabe ici)<\/a>:<\/strong><\/p>\n<p style=\"text-align: left;\"><em>Nous avons eu l\u2019honneur de recevoir Madame <strong>Khira OUBAIDALLAH<\/strong>\u00a0ma\u00eetre\u00a0de ballet au cours d\u2019une s\u00e9ance qui a eu lieu le mercredi 24 Janvier 2018.<\/em><\/p>\n<p style=\"text-align: left;\"><em>Madame Khira est plus que connue sur la sc\u00e8ne artistique, compte tenu de ses apports et de ses r\u00e9alisations, particuli\u00e8rement dans le domaine de la danse folklorique tunisienne. Nous avons pu admirer de pr\u00e8s ses talents le jour du stage.<\/em><\/p>\n<p style=\"text-align: left;\"><em>Nous avons d\u00e9couvert une <strong>artiste passionn\u00e9e, professionnelle d\u00e9bordant d\u2019\u00e9nergie<\/strong> et qui, tout au long de sa visite, n\u2019a pas arr\u00eat\u00e9 de nous guider avec rigueur pour nous faire d\u00e9couvrir la danse folklorique d\u2019une mani\u00e8re structur\u00e9e et harmonieuse. Le travail s\u2019articulait autour des mouvements, des pas, des d\u00e9placements, de la fluidit\u00e9, de la gestuelle&#8230;<\/em><\/p>\n<p style=\"text-align: left;\"><em>Nous avons \u00e9t\u00e9 divis\u00e9s en deux groupes\u00a0: le groupe des filles et le groupe des gar\u00e7ons. Ces derniers \u00e9taient pris en charge par un collaborateur de Mme Khira.<\/em><\/p>\n<p style=\"text-align: left;\"><em>Nous avons dans\u00e9 sur des chor\u00e9graphies et des exercices rythm\u00e9s assez vari\u00e9s et \u00e0 chaque \u00e9tape, le stage \u00e9tait enrichi par des conseils prodigieux gr\u00e2ce \u00e0 la connaissance approfondie de Mme Khira des techniques de la danse traditionnelle tunisienne.<\/em><\/p>\n<p style=\"text-align: left;\"><em>Nous attendons d\u2019autres occasions pour profiter du professionnalisme et du talent de Mme Khira OUBEIDALLAH afin d\u2019approcher davantage l\u2019art de la danse folklorique tunisienne.<\/em><\/p>\n<p style=\"text-align: right;\">\u00a0\u00a0\u00a0\u00a0\u00a0\u00a0\u00a0\u00a0\u00a0\u00a0\u00a0\u00a0\u00a0\u00a0\u00a0\u00a0\u00a0\u00a0\u00a0\u00a0\u00a0\u00a0\u00a0\u00a0\u00a0\u00a0\u00a0\u00a0\u00a0\u00a0\u00a0\u00a0\u00a0\u00a0\u00a0\u00a0\u00a0\u00a0\u00a0\u00a0\u00a0\u00a0\u00a0\u00a0\u00a0\u00a0\u00a0\u00a0\u00a0\u00a0\u00a0\u00a0\u00a0\u00a0\u00a0\u00a0\u00a0\u00a0\u00a0\u00a0\u00a0\u00a0\u00a0\u00a0\u00a0\u00a0\u00a0\u00a0\u00a0\u00a0\u00a0\u00a0\u00a0\u00a0\u00a0\u00a0\u00a0\u00a0\u00a0\u00a0\u00a0\u00a0\u00a0\u00a0\u00a0\u00a0\u00a0\u00a0\u00a0\u00a0\u00a0\u00a0\u00a0\u00a0\u00a0\u00a0\u00a0\u00a0\u00a0\u00a0\u00a0\u00a0\u00a0\u00a0\u00a0\u00a0\u00a0\u00a0\u00a0\u00a0\u00a0\u00a0\u00a0\u00a0\u00a0\u00a0\u00a0\u00a0\u00a0\u00a0\u00a0\u00a0\u00a0\u00a0\u00a0\u00a0\u00a0\u00a0\u00a0\u00a0\u00a0\u00a0\u00a0\u00a0\u00a0\u00a0\u00a0\u00a0\u00a0\u00a0\u00a0\u00a0\u00a0\u00a0\u00a0\u00a0\u00a0\u00a0\u00a0\u00a0\u00a0\u00a0\u00a0\u00a0\u00a0\u00a0 <strong>Zeineb MESTIRI\u00a0 \u00a0 \u00a0\u00a0<\/strong><strong>Seconde 2<\/strong><\/p>\n<p><iframe loading=\"lazy\" src=\"https:\/\/www.youtube.com\/embed\/_qm-JOVWrsE\" width=\"700\" height=\"394\" frameborder=\"0\" allowfullscreen=\"allowfullscreen\"><\/iframe><\/p>\n<\/div>\n","protected":false},"excerpt":{"rendered":"<p>Dans le cadre de l&rsquo;APP &laquo;&nbsp;Nous sommes condamn&eacute;s a esp&eacute;rer&nbsp;&raquo;, les &eacute;l&egrave;ves de Seconde 1\/2 OIB ont particip&eacute; &agrave; un<\/p>\n","protected":false},"author":2,"featured_media":4919,"comment_status":"open","ping_status":"open","sticky":false,"template":"","format":"standard","meta":{"_exactmetrics_skip_tracking":false,"_exactmetrics_sitenote_active":false,"_exactmetrics_sitenote_note":"","_exactmetrics_sitenote_category":0,"footnotes":""},"categories":[195,198,241],"tags":[],"class_list":["post-4918","post","type-post","status-publish","format-standard","has-post-thumbnail","hentry","category-actualites-de-pmf","category-projets-et-app","category-nous-sommes-condamnes-a-esperer"],"_links":{"self":[{"href":"https:\/\/www.ert.tn\/pmf\/wp-json\/wp\/v2\/posts\/4918","targetHints":{"allow":["GET"]}}],"collection":[{"href":"https:\/\/www.ert.tn\/pmf\/wp-json\/wp\/v2\/posts"}],"about":[{"href":"https:\/\/www.ert.tn\/pmf\/wp-json\/wp\/v2\/types\/post"}],"author":[{"embeddable":true,"href":"https:\/\/www.ert.tn\/pmf\/wp-json\/wp\/v2\/users\/2"}],"replies":[{"embeddable":true,"href":"https:\/\/www.ert.tn\/pmf\/wp-json\/wp\/v2\/comments?post=4918"}],"version-history":[{"count":8,"href":"https:\/\/www.ert.tn\/pmf\/wp-json\/wp\/v2\/posts\/4918\/revisions"}],"predecessor-version":[{"id":6549,"href":"https:\/\/www.ert.tn\/pmf\/wp-json\/wp\/v2\/posts\/4918\/revisions\/6549"}],"wp:featuredmedia":[{"embeddable":true,"href":"https:\/\/www.ert.tn\/pmf\/wp-json\/wp\/v2\/media\/4919"}],"wp:attachment":[{"href":"https:\/\/www.ert.tn\/pmf\/wp-json\/wp\/v2\/media?parent=4918"}],"wp:term":[{"taxonomy":"category","embeddable":true,"href":"https:\/\/www.ert.tn\/pmf\/wp-json\/wp\/v2\/categories?post=4918"},{"taxonomy":"post_tag","embeddable":true,"href":"https:\/\/www.ert.tn\/pmf\/wp-json\/wp\/v2\/tags?post=4918"}],"curies":[{"name":"wp","href":"https:\/\/api.w.org\/{rel}","templated":true}]}}