{"id":5799,"date":"2019-05-20T08:00:33","date_gmt":"2019-05-20T06:00:33","guid":{"rendered":"http:\/\/www.ert.tn\/pmf\/?p=5799"},"modified":"2019-05-20T10:15:04","modified_gmt":"2019-05-20T08:15:04","slug":"dejeuner-sur-lherbe-des-anciens-des-lycees-francais-de-tunisie","status":"publish","type":"post","link":"https:\/\/www.ert.tn\/pmf\/2019\/05\/20\/dejeuner-sur-lherbe-des-anciens-des-lycees-francais-de-tunisie\/","title":{"rendered":"\u00ab\u00a0D\u00e9jeuner sur l&rsquo;herbe\u00a0\u00bb des Anciens des lyc\u00e9es fran\u00e7ais de Tunisie"},"content":{"rendered":"<p>Apr\u00e8s le succ\u00e8s des deux pr\u00e9c\u00e9dentes \u00e9ditions des d\u00e9jeuners sur l\u2019herbe organis\u00e9s en 2017 et 2018, <strong>l\u2019Ambassadeur ouvre \u00e0 nouveau les jardins de sa R\u00e9sidence de La Marsa<\/strong> pour accueillir les <strong>anciens de Carnot\/Tunis, PMF\/Mutu, Cailloux\/LGF\/La Marsa<\/strong> autour d\u2019un <strong>pique-nique<\/strong> participatif. &#x1f1eb;&#x1f1f7;&#x1f1f9;&#x1f1f3;<\/p>\n<p>Rendez-vous pour tous les anciens le<strong> samedi 15 juin 2019 \u00e0 partir de 12h00<\/strong>.<\/p>\n<p>Les associations des anciens \u00e9l\u00e8ves des lyc\u00e9es fran\u00e7ais en Tunisie comptent sur vous pour faire de ces retrouvailles un succ\u00e8s, pour la troisi\u00e8me ann\u00e9e cons\u00e9cutive.<\/p>\n<p>Des d\u00e9tails compl\u00e9mentaires seront post\u00e9s bient\u00f4t sur la page Facebook de l&rsquo;\u00e9v\u00e9nement:\u00a0<a href=\"https:\/\/www.facebook.com\/events\/1143112245870986\/\" target=\"_blank\" rel=\"noopener\">www.facebook.com\/events\/1143112245870986\/<\/a><\/p>\n<p>Soyez nombreux \u00e0 participer, en vous inscrivant d\u00e8s maintenant par email \u00e0 l\u2019adresse suivante : <a href=\"mailto:entimission3@gmail.com\">entimission3@gmail.com<\/a><\/p>\n<p><strong>On compte sur vous !<\/strong><\/p>\n","protected":false},"excerpt":{"rendered":"<p>Apr&egrave;s le succ&egrave;s des deux pr&eacute;c&eacute;dentes &eacute;ditions des d&eacute;jeuners sur l&rsquo;herbe organis&eacute;s en 2017 et 2018, l&rsquo;Ambassadeur ouvre &agrave; nouveau<\/p>\n","protected":false},"author":2,"featured_media":5800,"comment_status":"open","ping_status":"open","sticky":false,"template":"","format":"standard","meta":{"_exactmetrics_skip_tracking":false,"_exactmetrics_sitenote_active":false,"_exactmetrics_sitenote_note":"","_exactmetrics_sitenote_category":0,"footnotes":""},"categories":[232],"tags":[],"class_list":["post-5799","post","type-post","status-publish","format-standard","has-post-thumbnail","hentry","category-evenements"],"_links":{"self":[{"href":"https:\/\/www.ert.tn\/pmf\/wp-json\/wp\/v2\/posts\/5799","targetHints":{"allow":["GET"]}}],"collection":[{"href":"https:\/\/www.ert.tn\/pmf\/wp-json\/wp\/v2\/posts"}],"about":[{"href":"https:\/\/www.ert.tn\/pmf\/wp-json\/wp\/v2\/types\/post"}],"author":[{"embeddable":true,"href":"https:\/\/www.ert.tn\/pmf\/wp-json\/wp\/v2\/users\/2"}],"replies":[{"embeddable":true,"href":"https:\/\/www.ert.tn\/pmf\/wp-json\/wp\/v2\/comments?post=5799"}],"version-history":[{"count":3,"href":"https:\/\/www.ert.tn\/pmf\/wp-json\/wp\/v2\/posts\/5799\/revisions"}],"predecessor-version":[{"id":8950,"href":"https:\/\/www.ert.tn\/pmf\/wp-json\/wp\/v2\/posts\/5799\/revisions\/8950"}],"wp:featuredmedia":[{"embeddable":true,"href":"https:\/\/www.ert.tn\/pmf\/wp-json\/wp\/v2\/media\/5800"}],"wp:attachment":[{"href":"https:\/\/www.ert.tn\/pmf\/wp-json\/wp\/v2\/media?parent=5799"}],"wp:term":[{"taxonomy":"category","embeddable":true,"href":"https:\/\/www.ert.tn\/pmf\/wp-json\/wp\/v2\/categories?post=5799"},{"taxonomy":"post_tag","embeddable":true,"href":"https:\/\/www.ert.tn\/pmf\/wp-json\/wp\/v2\/tags?post=5799"}],"curies":[{"name":"wp","href":"https:\/\/api.w.org\/{rel}","templated":true}]}}