{"id":6973,"date":"2018-09-24T16:08:37","date_gmt":"2018-09-24T14:08:37","guid":{"rendered":"http:\/\/www.ert.tn\/pmf\/?p=6973"},"modified":"2018-11-15T11:48:33","modified_gmt":"2018-11-15T10:48:33","slug":"secondes-bleues","status":"publish","type":"post","link":"https:\/\/www.ert.tn\/pmf\/2018\/09\/24\/secondes-bleues\/","title":{"rendered":"Secondes Bleues"},"content":{"rendered":"<p>Le projet des <strong>Secondes Bleues<\/strong> (Seconde 5 et 7) a pour objectif de <strong>sensibiliser les \u00e9l\u00e8ves au d\u00e9veloppement durable<\/strong> dans ses volets \u00e9conomique, social et environnemental et de mieux leur faire conna\u00eetre les probl\u00e9matiques locales li\u00e9es \u00e0 la\u00a0mer M\u00e9diterran\u00e9e.<\/p>\n<p>Plusieurs actions p\u00e9dagogiques seront men\u00e9es au cours de l&rsquo;ann\u00e9e 2018\/2019 avec notamment un s\u00e9jour au sein des magnifiques <strong>\u00ab\u00a0Jardins de la Mer\u00a0\u00bb<\/strong> \u00e0 la Marsa. A cette occasion, les lyc\u00e9ens seront en mis en situation de faire un diagnostic et faire \u00e9merger les probl\u00e9matiques\/pr\u00e9occupations qui pourraient les motiver \u00e0 s&rsquo;engager. Ils seront amen\u00e9s ensuite \u00e0 construire un projet sur lequel ils travailleront tout au long de l&rsquo;ann\u00e9e et qui touchera plusieurs disciplines \u00e0 la fois et qui\u00a0 devra montrer leur <strong>engagement \u00e0 agir en citoyen responsable<\/strong>.<\/p>\n<p>Autrement dit, les Secondes Bleues ont pour ambition de devenir des\u00a0acteurs v\u00e9ritables du d\u00e9veloppement durable en Tunisie.<\/p>\n<p><strong>Diff\u00e9rents partenaires<\/strong> nous accompagneront dans cette aventure: <strong>Lab&rsquo;ess, l&rsquo;IRD, l&rsquo;INAT, l&rsquo;IFT, l&rsquo;Ambassade de France en Tunisie et l&rsquo;AEFE<\/strong>.<\/p>\n<p>&nbsp;<\/p>\n<p>Retrouvez les photos des diff\u00e9rentes actions:<\/p>\n<ul>\n<li>Journ\u00e9es dans les Jardins de la mer (Seconde 5):\u00a0<a href=\"https:\/\/photos.app.goo.gl\/o3vu2fMAuWJiJGTt8\" target=\"_blank\" rel=\"noopener\">https:\/\/photos.app.goo.gl\/o3vu2fMAuWJiJGTt8<\/a><\/li>\n<li>Journ\u00e9es dans les Jardins de la mer (Seconde 7):\u00a0<a href=\"https:\/\/photos.app.goo.gl\/RAqiVXNwQQQDg8xQ9\" target=\"_blank\" rel=\"noopener\">https:\/\/photos.app.goo.gl\/RAqiVXNwQQQDg8xQ9<\/a><\/li>\n<li>Formation Lab&rsquo;ess avec les Seconde 7 (12 novembre):\u00a0<a href=\"https:\/\/photos.app.goo.gl\/2wktp5RJaRX2gv127\" target=\"_blank\" rel=\"noopener\">https:\/\/photos.app.goo.gl\/2wktp5RJaRX2gv127<\/a><\/li>\n<\/ul>\n","protected":false},"excerpt":{"rendered":"<p>Le projet des Secondes Bleues (Seconde 5 et 7) a pour objectif de sensibiliser les &eacute;l&egrave;ves au d&eacute;veloppement durable dans<\/p>\n","protected":false},"author":2,"featured_media":6978,"comment_status":"open","ping_status":"open","sticky":false,"template":"","format":"standard","meta":{"_exactmetrics_skip_tracking":false,"_exactmetrics_sitenote_active":false,"_exactmetrics_sitenote_note":"","_exactmetrics_sitenote_category":0,"footnotes":""},"categories":[232],"tags":[],"class_list":["post-6973","post","type-post","status-publish","format-standard","has-post-thumbnail","hentry","category-evenements"],"_links":{"self":[{"href":"https:\/\/www.ert.tn\/pmf\/wp-json\/wp\/v2\/posts\/6973","targetHints":{"allow":["GET"]}}],"collection":[{"href":"https:\/\/www.ert.tn\/pmf\/wp-json\/wp\/v2\/posts"}],"about":[{"href":"https:\/\/www.ert.tn\/pmf\/wp-json\/wp\/v2\/types\/post"}],"author":[{"embeddable":true,"href":"https:\/\/www.ert.tn\/pmf\/wp-json\/wp\/v2\/users\/2"}],"replies":[{"embeddable":true,"href":"https:\/\/www.ert.tn\/pmf\/wp-json\/wp\/v2\/comments?post=6973"}],"version-history":[{"count":6,"href":"https:\/\/www.ert.tn\/pmf\/wp-json\/wp\/v2\/posts\/6973\/revisions"}],"predecessor-version":[{"id":7354,"href":"https:\/\/www.ert.tn\/pmf\/wp-json\/wp\/v2\/posts\/6973\/revisions\/7354"}],"wp:featuredmedia":[{"embeddable":true,"href":"https:\/\/www.ert.tn\/pmf\/wp-json\/wp\/v2\/media\/6978"}],"wp:attachment":[{"href":"https:\/\/www.ert.tn\/pmf\/wp-json\/wp\/v2\/media?parent=6973"}],"wp:term":[{"taxonomy":"category","embeddable":true,"href":"https:\/\/www.ert.tn\/pmf\/wp-json\/wp\/v2\/categories?post=6973"},{"taxonomy":"post_tag","embeddable":true,"href":"https:\/\/www.ert.tn\/pmf\/wp-json\/wp\/v2\/tags?post=6973"}],"curies":[{"name":"wp","href":"https:\/\/api.w.org\/{rel}","templated":true}]}}