{"id":7514,"date":"2018-11-30T12:01:14","date_gmt":"2018-11-30T11:01:14","guid":{"rendered":"http:\/\/www.ert.tn\/pmf\/?p=7514"},"modified":"2018-11-30T12:01:14","modified_gmt":"2018-11-30T11:01:14","slug":"tri-des-dechets-a-la-cantine","status":"publish","type":"post","link":"https:\/\/www.ert.tn\/pmf\/2018\/11\/30\/tri-des-dechets-a-la-cantine\/","title":{"rendered":"Tri des d\u00e9chets \u00e0 la cantine"},"content":{"rendered":"<p>Depuis septembre 2018, des poubelles ont \u00e9t\u00e9 install\u00e9es dans la cantine, sur les mod\u00e8les de celles de la cantine de Desnos. Les nouveaux CM2 (anciens CM1 de Desnos) ont \u00e9t\u00e9 sensibilis\u00e9s \u00e0 cette d\u00e9marche, PMF a souhait\u00e9 continuer sur cette lanc\u00e9e.<\/p>\n<p>Ainsi chaque \u00e9l\u00e8ve est encourag\u00e9 \u00e0 trier les d\u00e9chets de son plateau\u00a0:<\/p>\n<ul>\n<li><span style=\"color: #808080;\"><strong>bac en m\u00e9tal\u00a0<\/strong>: pain<\/span><\/li>\n<li><span style=\"color: #008000;\"><strong>poubelle verte\u00a0<\/strong>: compostable= fruits et l\u00e9gumes crus, serviette blanche sans encre, emballage papier sans encre<\/span><\/li>\n<li><span style=\"color: #ff9900;\"><strong>poubelle jaune<\/strong>: mati\u00e8re plastique propre= essentiellement les bouteilles d\u2019eau<\/span><\/li>\n<li><span style=\"color: #ff0000;\"><strong>poubelle rouge<\/strong>: les d\u00e9chets r\u00e9siduels, ce qu\u2019il reste= non compostable\/non recyclable= viande, poisson, l\u00e9gumes cuits, p\u00e2tes, riz, aluminium (emballages fromage), serviettes avec encre, pots de glace, pots de yaourt sales<\/span><\/li>\n<\/ul>\n<p><strong>Que fera-t-on de ces d\u00e9chets\u00a0?<\/strong><\/p>\n<ul>\n<li>Le pain sera r\u00e9cup\u00e9r\u00e9 pour \u00eatre donn\u00e9 \u00e0 des animaux<\/li>\n<li>Le contenu de la poubelle verte sera utilis\u00e9 pour faire du compost pour les jardins du lyc\u00e9e<\/li>\n<li>Le contenu de la poubelle jaune sera recycl\u00e9 (Tunisie Recyclage)<\/li>\n<li>Le contenu de la poubelle rouge sera jet\u00e9 (d\u00e9chets r\u00e9siduels)<\/li>\n<li>Le contenu de la poubelle verte et jaune ne pourra \u00eatre recycl\u00e9 que si le tri est correctement fait. Ce qui n\u2019est pas le cas pour l\u2019instant.<\/li>\n<\/ul>\n<p>Durant deux semaines, les \u00e9l\u00e8ves ont \u00e9t\u00e9 accompagn\u00e9s afin de les aider \u00e0 bien trier le contenu de leurs plateaux en fin de repas. Un premier bilan a \u00e9t\u00e9 effectu\u00e9 afin d&rsquo;en avertir les parents d&rsquo;\u00e9l\u00e8ves qui pourront relayer ces informations aupr\u00e8s de leurs enfants:<\/p>\n<ul>\n<li><strong>Il y a beaucoup de pain jet\u00e9<\/strong>. Il serait souhaitable que les enfants ne prennent qu\u2019un peu de pain lors de leur passage au self et retournent en chercher si besoin.<\/li>\n<li>Des bouteilles sont jet\u00e9es alors qu\u2019elles contiennent encore de l\u2019eau. Il s\u2019agit d\u2019<strong>EAU POTABLE<\/strong>. Pourquoi ne pas la boire plut\u00f4t\u00a0?<\/li>\n<li>Parfois c\u2019est le contenu ENTIER de l\u2019assiette qui est jet\u00e9. Ou des yaourts, des fromages, qui n\u2019ont m\u00eame pas \u00e9t\u00e9 entam\u00e9s. Pour \u00e9viter le gaspillage de nourriture, les enfants sont encourag\u00e9s \u00e0 d\u00e9poser sur la <strong>\u00abTABLE de PARTAGE\u00bb<\/strong> les aliments non entam\u00e9s qu\u2019ils n\u2019ont pas mang\u00e9s et que d\u2019autres pourront r\u00e9cup\u00e9rer.<\/li>\n<\/ul>\n<p><span style=\"color: #0000ff;\"><strong>Le lyc\u00e9e PMF compte sur la coop\u00e9ration de tous, parents et \u00e9l\u00e8ves, afin d&rsquo;\u00e9viter le gaspillage alimentaire et \u00e0 recycler les d\u00e9chets qui peuvent l\u2019\u00eatre.<\/strong><\/span><\/p>\n<p>&nbsp;<\/p>\n","protected":false},"excerpt":{"rendered":"<p>Depuis septembre 2018, des poubelles ont &eacute;t&eacute; install&eacute;es dans la cantine, sur les mod&egrave;les de celles de la cantine de<\/p>\n","protected":false},"author":2,"featured_media":7515,"comment_status":"open","ping_status":"open","sticky":false,"template":"","format":"standard","meta":{"_exactmetrics_skip_tracking":false,"_exactmetrics_sitenote_active":false,"_exactmetrics_sitenote_note":"","_exactmetrics_sitenote_category":0,"footnotes":""},"categories":[195],"tags":[],"class_list":["post-7514","post","type-post","status-publish","format-standard","has-post-thumbnail","hentry","category-actualites-de-pmf"],"_links":{"self":[{"href":"https:\/\/www.ert.tn\/pmf\/wp-json\/wp\/v2\/posts\/7514","targetHints":{"allow":["GET"]}}],"collection":[{"href":"https:\/\/www.ert.tn\/pmf\/wp-json\/wp\/v2\/posts"}],"about":[{"href":"https:\/\/www.ert.tn\/pmf\/wp-json\/wp\/v2\/types\/post"}],"author":[{"embeddable":true,"href":"https:\/\/www.ert.tn\/pmf\/wp-json\/wp\/v2\/users\/2"}],"replies":[{"embeddable":true,"href":"https:\/\/www.ert.tn\/pmf\/wp-json\/wp\/v2\/comments?post=7514"}],"version-history":[{"count":1,"href":"https:\/\/www.ert.tn\/pmf\/wp-json\/wp\/v2\/posts\/7514\/revisions"}],"predecessor-version":[{"id":7517,"href":"https:\/\/www.ert.tn\/pmf\/wp-json\/wp\/v2\/posts\/7514\/revisions\/7517"}],"wp:featuredmedia":[{"embeddable":true,"href":"https:\/\/www.ert.tn\/pmf\/wp-json\/wp\/v2\/media\/7515"}],"wp:attachment":[{"href":"https:\/\/www.ert.tn\/pmf\/wp-json\/wp\/v2\/media?parent=7514"}],"wp:term":[{"taxonomy":"category","embeddable":true,"href":"https:\/\/www.ert.tn\/pmf\/wp-json\/wp\/v2\/categories?post=7514"},{"taxonomy":"post_tag","embeddable":true,"href":"https:\/\/www.ert.tn\/pmf\/wp-json\/wp\/v2\/tags?post=7514"}],"curies":[{"name":"wp","href":"https:\/\/api.w.org\/{rel}","templated":true}]}}