{"id":7685,"date":"2018-12-11T15:01:16","date_gmt":"2018-12-11T14:01:16","guid":{"rendered":"http:\/\/www.ert.tn\/pmf\/?p=7685"},"modified":"2018-12-11T15:01:16","modified_gmt":"2018-12-11T14:01:16","slug":"convention-de-partenariat-entre-le-lycee-et-le-theatre-national-du-4eme-art","status":"publish","type":"post","link":"https:\/\/www.ert.tn\/pmf\/2018\/12\/11\/convention-de-partenariat-entre-le-lycee-et-le-theatre-national-du-4eme-art\/","title":{"rendered":"Convention de partenariat entre le lyc\u00e9e et le th\u00e9\u00e2tre national du 4\u00e8me Art"},"content":{"rendered":"<p>Depuis la saison 2016-2017, le th\u00e9\u00e2tre national du 4<sup>\u00e8me<\/sup> ART de Tunis et l\u2019action p\u00e9dagogique du lyc\u00e9e Pierre Mendes France <strong><em>\u00ab<\/em><\/strong>\u00a0 <strong><em>Nous sommes condamn\u00e9s \u00e0 esp\u00e9rer\u00a0\u00bb<\/em><\/strong>, ont tiss\u00e9 des liens forts, fond\u00e9s sur une volont\u00e9 r\u00e9ciproque d\u2019ouverture et de sensibilisation des \u00e9l\u00e8ves au th\u00e9\u00e2tre, \u00e0 travers une programmation diversifi\u00e9e.<\/p>\n<p>La d\u00e9marche de partenariat s\u2019inscrit dans le cadre des missions et de l\u2019engagement des deux partenaires engag\u00e9s: <a href=\"http:\/\/www.ert.tn\/pmf\/wp-content\/uploads\/2018\/12\/CONVENTION-PARTENARIAT.pdf\" target=\"_blank\" rel=\"noopener\">Convention de partenariat<\/a>.<\/p>\n<p>Aujourd\u2019hui, la volont\u00e9 conjointe de cette action p\u00e9dagogique ainsi que des responsables du th\u00e9\u00e2tre est d\u2019affirmer cette d\u00e9marche.\u00a0La maturit\u00e9 des relations, leurs r\u00e9sultats, l\u2019enthousiasme des \u00e9l\u00e8ves sont les principaux t\u00e9moins de la n\u00e9cessit\u00e9 de cette concr\u00e9tisation pour renforcer, d\u00e9velopper et p\u00e9renniser des actions riches qui contribuent \u00e0 la d\u00e9couverte du spectacle vivant.<\/p>\n<p>&nbsp;<\/p>\n<p>&nbsp;<\/p>\n","protected":false},"excerpt":{"rendered":"<p>Depuis la saison 2016-2017, le th&eacute;&acirc;tre national du 4&egrave;me ART de Tunis et l&rsquo;action p&eacute;dagogique du lyc&eacute;e Pierre Mendes France<\/p>\n","protected":false},"author":2,"featured_media":7691,"comment_status":"open","ping_status":"open","sticky":false,"template":"","format":"standard","meta":{"_exactmetrics_skip_tracking":false,"_exactmetrics_sitenote_active":false,"_exactmetrics_sitenote_note":"","_exactmetrics_sitenote_category":0,"footnotes":""},"categories":[241],"tags":[],"class_list":["post-7685","post","type-post","status-publish","format-standard","has-post-thumbnail","hentry","category-nous-sommes-condamnes-a-esperer"],"_links":{"self":[{"href":"https:\/\/www.ert.tn\/pmf\/wp-json\/wp\/v2\/posts\/7685","targetHints":{"allow":["GET"]}}],"collection":[{"href":"https:\/\/www.ert.tn\/pmf\/wp-json\/wp\/v2\/posts"}],"about":[{"href":"https:\/\/www.ert.tn\/pmf\/wp-json\/wp\/v2\/types\/post"}],"author":[{"embeddable":true,"href":"https:\/\/www.ert.tn\/pmf\/wp-json\/wp\/v2\/users\/2"}],"replies":[{"embeddable":true,"href":"https:\/\/www.ert.tn\/pmf\/wp-json\/wp\/v2\/comments?post=7685"}],"version-history":[{"count":2,"href":"https:\/\/www.ert.tn\/pmf\/wp-json\/wp\/v2\/posts\/7685\/revisions"}],"predecessor-version":[{"id":7692,"href":"https:\/\/www.ert.tn\/pmf\/wp-json\/wp\/v2\/posts\/7685\/revisions\/7692"}],"wp:featuredmedia":[{"embeddable":true,"href":"https:\/\/www.ert.tn\/pmf\/wp-json\/wp\/v2\/media\/7691"}],"wp:attachment":[{"href":"https:\/\/www.ert.tn\/pmf\/wp-json\/wp\/v2\/media?parent=7685"}],"wp:term":[{"taxonomy":"category","embeddable":true,"href":"https:\/\/www.ert.tn\/pmf\/wp-json\/wp\/v2\/categories?post=7685"},{"taxonomy":"post_tag","embeddable":true,"href":"https:\/\/www.ert.tn\/pmf\/wp-json\/wp\/v2\/tags?post=7685"}],"curies":[{"name":"wp","href":"https:\/\/api.w.org\/{rel}","templated":true}]}}