{"id":7986,"date":"2019-01-11T08:37:49","date_gmt":"2019-01-11T07:37:49","guid":{"rendered":"http:\/\/www.ert.tn\/pmf\/?p=7986"},"modified":"2019-01-11T08:37:49","modified_gmt":"2019-01-11T07:37:49","slug":"lambassadeur-de-france-en-tunisie-a-pmf-pour-presenter-ses-voeux-de-la-nouvelle-annee","status":"publish","type":"post","link":"https:\/\/www.ert.tn\/pmf\/2019\/01\/11\/lambassadeur-de-france-en-tunisie-a-pmf-pour-presenter-ses-voeux-de-la-nouvelle-annee\/","title":{"rendered":"L\u2019Ambassadeur de France en Tunisie \u00e0 PMF pour pr\u00e9senter ses v\u0153ux de la nouvelle ann\u00e9e"},"content":{"rendered":"<p style=\"font-weight: 400;\">Jeudi 10 janvier 2019 \u00a0a eu lieu la <strong>traditionnelle c\u00e9r\u00e9monie de pr\u00e9sentation des v\u0153ux<\/strong> pour la nouvelle ann\u00e9e aux personnels enseignants et administratifs ainsi qu&rsquo;aux repr\u00e9sentants \u00e9lus au CE du lyc\u00e9e Pierre Mend\u00e8s France.<\/p>\n<p style=\"font-weight: 400;\">Nous avons eu l\u2019honneur de recevoir, \u00e0 cette occasion, \u00a0<strong>l\u2019Ambassadeur de France en Tunisie, son excellence M. Olivier Poivre d\u2019Arvor<\/strong> qui a tenu \u00e0 pr\u00e9senter ses v\u0153ux apr\u00e8s ceux de M. Verger, Proviseur de l\u2019\u00e9tablissement.<\/p>\n<p style=\"font-weight: 400;\">En pr\u00e9sence de la direction de l\u2019IFT, l\u2019Ambassadeur a rappel\u00e9 l\u2019<strong>importance du r\u00e9seau p\u00e9dagogique fran\u00e7ais en Tunisie<\/strong> et a soulign\u00e9 les enjeux ambitieux de la mise en place des nouvelles r\u00e9formes \u00e9ducatives en 2019\/2020.<\/p>\n<p style=\"font-weight: 400;\">Le proviseur, quant \u00e0 lui, est revenu sur les objectifs de l\u2019ann\u00e9e \u00e0 venir, \u00e0 savoir la refonte du projet d\u2019\u00e9tablissement ainsi que la poursuite des grands travaux de r\u00e9habilitation du lyc\u00e9e.<\/p>\n<p style=\"font-weight: 400;\">Les invit\u00e9s ont pu ensuite partager les nombreuses <strong>galettes des Rois<\/strong> dans une ambiance chaleureuse.<\/p>\n","protected":false},"excerpt":{"rendered":"<p>Jeudi 10 janvier 2019 &nbsp;a eu lieu la traditionnelle c&eacute;r&eacute;monie de pr&eacute;sentation des v&oelig;ux pour la nouvelle ann&eacute;e aux personnels<\/p>\n","protected":false},"author":2,"featured_media":8001,"comment_status":"open","ping_status":"open","sticky":false,"template":"","format":"standard","meta":{"_exactmetrics_skip_tracking":false,"_exactmetrics_sitenote_active":false,"_exactmetrics_sitenote_note":"","_exactmetrics_sitenote_category":0,"footnotes":""},"categories":[195],"tags":[],"class_list":["post-7986","post","type-post","status-publish","format-standard","has-post-thumbnail","hentry","category-actualites-de-pmf"],"_links":{"self":[{"href":"https:\/\/www.ert.tn\/pmf\/wp-json\/wp\/v2\/posts\/7986","targetHints":{"allow":["GET"]}}],"collection":[{"href":"https:\/\/www.ert.tn\/pmf\/wp-json\/wp\/v2\/posts"}],"about":[{"href":"https:\/\/www.ert.tn\/pmf\/wp-json\/wp\/v2\/types\/post"}],"author":[{"embeddable":true,"href":"https:\/\/www.ert.tn\/pmf\/wp-json\/wp\/v2\/users\/2"}],"replies":[{"embeddable":true,"href":"https:\/\/www.ert.tn\/pmf\/wp-json\/wp\/v2\/comments?post=7986"}],"version-history":[{"count":2,"href":"https:\/\/www.ert.tn\/pmf\/wp-json\/wp\/v2\/posts\/7986\/revisions"}],"predecessor-version":[{"id":8002,"href":"https:\/\/www.ert.tn\/pmf\/wp-json\/wp\/v2\/posts\/7986\/revisions\/8002"}],"wp:featuredmedia":[{"embeddable":true,"href":"https:\/\/www.ert.tn\/pmf\/wp-json\/wp\/v2\/media\/8001"}],"wp:attachment":[{"href":"https:\/\/www.ert.tn\/pmf\/wp-json\/wp\/v2\/media?parent=7986"}],"wp:term":[{"taxonomy":"category","embeddable":true,"href":"https:\/\/www.ert.tn\/pmf\/wp-json\/wp\/v2\/categories?post=7986"},{"taxonomy":"post_tag","embeddable":true,"href":"https:\/\/www.ert.tn\/pmf\/wp-json\/wp\/v2\/tags?post=7986"}],"curies":[{"name":"wp","href":"https:\/\/api.w.org\/{rel}","templated":true}]}}