{"id":8937,"date":"2019-05-26T16:23:11","date_gmt":"2019-05-26T14:23:11","guid":{"rendered":"http:\/\/www.ert.tn\/pmf\/?p=8937"},"modified":"2019-05-31T09:42:22","modified_gmt":"2019-05-31T07:42:22","slug":"festival-de-theatre-2019-programme","status":"publish","type":"post","link":"https:\/\/www.ert.tn\/pmf\/2019\/05\/26\/festival-de-theatre-2019-programme\/","title":{"rendered":"Festival de th\u00e9\u00e2tre 2019 \u2013 Programme"},"content":{"rendered":"<p><span style=\"font-weight: 400;\">Comme chaque ann\u00e9e, <strong>PMF fait son festival de th\u00e9\u00e2tre<\/strong>.\u00a0<\/span><span style=\"font-weight: 400;\">Nous vous esp\u00e9rons nombreux pour encourager nos \u00e9l\u00e8ves, ils comptent \u00e9norm\u00e9ment sur votre pr\u00e9sence.<\/span><\/p>\n<p>Le festival aura lieu\u00a0<strong>samedi 25 mai et dimanche 26 mai au T\u00e9atro<\/strong>\u00a0et\u00a0<strong>samedi 1er juin et dimanche 02 juin au 4\u00e8me Art<\/strong><strong>.<\/strong><\/p>\n<p><strong>Les billets sont en vente sur place.<\/strong>\u00a0Le prix d&rsquo;un spectacle est de <strong>5 dinars<\/strong>. Le pass journ\u00e9e (3 spectacles) est au prix de 10 dinars.<br \/>\nTr\u00e8s bons spectacles \u00e0 tous !<\/p>\n<p>En voici le programme:<\/p>\n<p style=\"font-weight: 400;\"><span style=\"color: #3366ff;\"><strong><u>Samedi 25 mai\u00a0\u00e0 El T\u00e9atro de Tunis<\/u><\/strong><\/span><\/p>\n<p style=\"font-weight: 400;\"><strong>15h00\u00a0: <em>Les temps modernes<\/em><em>\u00a0 <\/em>par l&rsquo;Atelier Coll\u00e8ge<\/strong><br \/>\nUne cr\u00e9ation mim\u00e9e d\u2019une quarantaine de com\u00e9diens du coll\u00e8ge qui pr\u00e9sentent avec humour un portrait de notre quotidien. Truculent, acerbe et po\u00e9tique.<\/p>\n<p style=\"font-weight: 400;\"><strong>21h00\u00a0: <em>M\u00e9moire 443 <\/em>par les Terminales option Th\u00e9\u00e2tre\u00a0\u00a0<\/strong><br \/>\n<strong>\u00a0<\/strong>Au Japon, deux fr\u00e8res samoura\u00efs sont embarqu\u00e9s dans la guerre contre les Etats Unis. Un veut se battre, l&rsquo;autre ne veut pas. 443 est d\u00e9cor\u00e9 mais&#8230; un coup du hasard&#8230;.un \u00ab\u00a0sale\u00a0\u00bb coup du hasard&#8230;. et voil\u00e0 que tout s&rsquo;effondre, et, le voil\u00e0, projet\u00e9 ailleurs, en qu\u00eate d&rsquo;une nouvelle identit\u00e9, en qu\u00eate d&rsquo;un nouveau sens&#8230;<br \/>\n443 est une \u00e9criture collective des \u00e9l\u00e8ves de l&rsquo;option th\u00e9\u00e2tre de terminale.\u00a0\u00bb<\/p>\n<p style=\"font-weight: 400;\"><strong>22h30:\u00a0<em>Ga\u00efa, grandeur et d\u00e9cadence du monde <\/em>par les Secondes Option Th\u00e9\u00e2tre<\/strong><strong><br \/>\n<\/strong>Spectacle son et lumi\u00e8re. Les corps font exister le monde de ses origines \u00e0 sa fin prochaine\u2026peut-\u00eatre\u2026Ga\u00efa notre d\u00e9esse nature souffre et crie mais ses enfants ne l\u2019entendent pas.<\/p>\n<p style=\"font-weight: 400;\"><span style=\"color: #3366ff;\"><strong><u>Dimanche 26 mai\u00a0\u00e0 El T\u00e9atro de Tunis<\/u><\/strong><\/span><\/p>\n<p style=\"font-weight: 400;\"><strong>15h00\u00a0:\u00a0 <em>M\u00e9moire 443 <\/em>par les Terminales option Th\u00e9\u00e2tre\u00a0\u00a0<\/strong><\/p>\n<p style=\"font-weight: 400;\"><strong>21h30\u00a0: <em>Ev\u00e8nements\u00a0<\/em>de Didier-Georges Gabily par l&rsquo;Atelier Lyc\u00e9e<br \/>\n<\/strong>Par le regard d\u2019une famille marqu\u00e9e par la disparition du fils ayant quitt\u00e9 la maison familiale de sa petite ville de province pour rejoindre Paris, grand th\u00e9\u00e2tre des \u00e9v\u00e9nements en 1968,\u00a0 la pi\u00e8ce d\u00e9crit la dislocation d\u2019une certaine France et le devenir de ces \u00e9lans r\u00e9volutionnaires vingt ann\u00e9es plus tard dans le pourrissement d\u2019une soci\u00e9t\u00e9 lib\u00e9rale o\u00f9 l\u2019homme n\u2019est plus anim\u00e9 par les m\u00eames combats ou id\u00e9aux.\u00a0La structure de la pi\u00e8ce repose sur l\u2019alternance entre les deux \u00e9poques.<\/p>\n<p style=\"font-weight: 400;\"><strong>22h30:\u00a0<em>L\u2019ordinaire\u00a0<\/em>de Michel Vinaver par les Premi\u00e8res\u00a0Option Th\u00e9\u00e2tre<br \/>\n<\/strong>Un jet priv\u00e9 s\u2019\u00e9crase dans les neiges \u00e9ternelles de la cordill\u00e8re des Andes avec \u00e0 bord le staff d\u2019une multinationale\u00a0: PDG, conseillers, \u00e9pouses, secr\u00e9taires et ma\u00eetresses\u2026 Les autorit\u00e9s chiliennes abandonnent les recherches et le nombre des rescap\u00e9s se r\u00e9duit inexorablement. Pour poursuivre, ils basculent dans le cannibalisme.<\/p>\n<p style=\"font-weight: 400;\"><span style=\"color: #3366ff;\"><strong><u>Samedi 01 juin au Th\u00e9\u00e2tre National (4<sup>\u00e8me<\/sup>\u00a0art) de Tunis\u00a0:<\/u><\/strong><\/span><\/p>\n<p style=\"font-weight: 400;\"><strong>15h00\u00a0: <em>Ev\u00e8nements\u00a0<\/em>de Didier-Georges GABILY par l&rsquo;Atelier Lyc\u00e9e\u00a0<\/strong><\/p>\n<p style=\"font-weight: 400;\"><strong>21h00 :\u00a0<em>Ga\u00efa, grandeur et d\u00e9cadence du monde <\/em>par les Secondes Option Th\u00e9\u00e2tre<\/strong><\/p>\n<p style=\"font-weight: 400;\"><strong>22h30\u00a0: <em>Les temps modernes<\/em><em>\u00a0 <\/em>par l&rsquo;Atelier Coll\u00e8ge<\/strong><\/p>\n<p style=\"font-weight: 400;\"><span style=\"color: #3366ff;\"><strong><u>Dimanche 02 juin au Th\u00e9\u00e2tre National (4<sup>\u00e8me<\/sup>\u00a0art) de Tunis\u00a0:<\/u><\/strong><\/span><\/p>\n<p style=\"font-weight: 400;\"><strong>15h00\u00a0: <em>L\u2019exil <\/em>par la troupe invit\u00e9e, le lyc\u00e9e de Megrine\u00a0:<br \/>\n<\/strong>Un metteur-en-sc\u00e8ne fait un casting afin de monter une pi\u00e8ce de\u00a0 th\u00e9\u00e2tre\u2026les m\u00e9saventures se succ\u00e8dent\u2026Du th\u00e9\u00e2tre dans le th\u00e9\u00e2tre comme on l\u2019aime\u2026<\/p>\n<p style=\"font-weight: 400;\"><strong>21h00 :\u00a0<em>L\u2019ordinaire\u00a0<\/em>de Michel Vinaver par les Premi\u00e8res\u00a0Option Th\u00e9\u00e2tre\u00a0<\/strong><\/p>\n<p style=\"font-weight: 400;\"><strong>21h00\u00a0: <em>M\u00e9moire 443 <\/em>par les Terminales option Th\u00e9\u00e2tre\u00a0\u00a0<\/strong><\/p>\n<p><a href=\"http:\/\/www.ert.tn\/pmf\/wp-content\/uploads\/2019\/05\/affiche_theatre.jpg\" data-rel=\"lightbox-image-0\" data-rl_title=\"\" data-rl_caption=\"\" title=\"\"><img loading=\"lazy\" decoding=\"async\" class=\"aligncenter wp-image-8942\" src=\"http:\/\/www.ert.tn\/pmf\/wp-content\/uploads\/2019\/05\/affiche_theatre-724x1024.jpg\" alt=\"\" width=\"650\" height=\"919\" srcset=\"https:\/\/www.ert.tn\/pmf\/wp-content\/uploads\/2019\/05\/affiche_theatre-724x1024.jpg 724w, https:\/\/www.ert.tn\/pmf\/wp-content\/uploads\/2019\/05\/affiche_theatre-212x300.jpg 212w, https:\/\/www.ert.tn\/pmf\/wp-content\/uploads\/2019\/05\/affiche_theatre-768x1086.jpg 768w, https:\/\/www.ert.tn\/pmf\/wp-content\/uploads\/2019\/05\/affiche_theatre.jpg 2000w\" sizes=\"auto, (max-width: 650px) 100vw, 650px\" \/><\/a><\/p>\n","protected":false},"excerpt":{"rendered":"<p>Comme chaque ann&eacute;e, PMF fait son festival de th&eacute;&acirc;tre.&nbsp;Nous vous esp&eacute;rons nombreux pour encourager nos &eacute;l&egrave;ves, ils comptent &eacute;norm&eacute;ment sur<\/p>\n","protected":false},"author":2,"featured_media":8938,"comment_status":"closed","ping_status":"closed","sticky":false,"template":"","format":"standard","meta":{"_exactmetrics_skip_tracking":false,"_exactmetrics_sitenote_active":false,"_exactmetrics_sitenote_note":"","_exactmetrics_sitenote_category":0,"footnotes":""},"categories":[195],"tags":[],"class_list":["post-8937","post","type-post","status-publish","format-standard","has-post-thumbnail","hentry","category-actualites-de-pmf"],"_links":{"self":[{"href":"https:\/\/www.ert.tn\/pmf\/wp-json\/wp\/v2\/posts\/8937","targetHints":{"allow":["GET"]}}],"collection":[{"href":"https:\/\/www.ert.tn\/pmf\/wp-json\/wp\/v2\/posts"}],"about":[{"href":"https:\/\/www.ert.tn\/pmf\/wp-json\/wp\/v2\/types\/post"}],"author":[{"embeddable":true,"href":"https:\/\/www.ert.tn\/pmf\/wp-json\/wp\/v2\/users\/2"}],"replies":[{"embeddable":true,"href":"https:\/\/www.ert.tn\/pmf\/wp-json\/wp\/v2\/comments?post=8937"}],"version-history":[{"count":2,"href":"https:\/\/www.ert.tn\/pmf\/wp-json\/wp\/v2\/posts\/8937\/revisions"}],"predecessor-version":[{"id":8943,"href":"https:\/\/www.ert.tn\/pmf\/wp-json\/wp\/v2\/posts\/8937\/revisions\/8943"}],"wp:featuredmedia":[{"embeddable":true,"href":"https:\/\/www.ert.tn\/pmf\/wp-json\/wp\/v2\/media\/8938"}],"wp:attachment":[{"href":"https:\/\/www.ert.tn\/pmf\/wp-json\/wp\/v2\/media?parent=8937"}],"wp:term":[{"taxonomy":"category","embeddable":true,"href":"https:\/\/www.ert.tn\/pmf\/wp-json\/wp\/v2\/categories?post=8937"},{"taxonomy":"post_tag","embeddable":true,"href":"https:\/\/www.ert.tn\/pmf\/wp-json\/wp\/v2\/tags?post=8937"}],"curies":[{"name":"wp","href":"https:\/\/api.w.org\/{rel}","templated":true}]}}