{"id":9118,"date":"2019-05-31T16:13:02","date_gmt":"2019-05-31T14:13:02","guid":{"rendered":"https:\/\/www.ert.tn\/pmf\/?p=9118"},"modified":"2019-05-31T16:13:04","modified_gmt":"2019-05-31T14:13:04","slug":"pmf-present-au-memorial-day","status":"publish","type":"post","link":"https:\/\/www.ert.tn\/pmf\/2019\/05\/31\/pmf-present-au-memorial-day\/","title":{"rendered":"PMF pr\u00e9sent au Memorial Day"},"content":{"rendered":"\n<p>Afin de rendre <strong>hommage aux membres des Forces arm\u00e9es des \u00c9tats-Unis morts au combat<\/strong> toutes guerres confondues, lors du dernier lundi du mois de mai se tient la c\u00e9r\u00e9monie du <strong>Memorial Day<\/strong>.<\/p>\n\n\n\n<p>Le <strong>groupe inter-\u00e9tablissement \u00ab&nbsp;M\u00e9moire des Sables&nbsp;\u00bb a \u00e9t\u00e9 invit\u00e9<\/strong> \u00e0 la n\u00e9cropole am\u00e9ricaine de Carthage ce 27 mai 2019 qui s\u2019est tenue en pr\u00e9sence de Son Excellence, <strong>Monsieur Donald Blome<\/strong>, Ambassadeur des \u00c9tats-Unis en Tunisie depuis 9 janvier 2019 et le Vice Amiral <strong>Lisa Franchetti<\/strong>, Commandant de la 6<sup>\u00e8me<\/sup> flotte des forces navales am\u00e9ricaines, Commandant adjoint des forces navales am\u00e9ricaines en Europe. <\/p>\n\n\n\n<p>Conduite\npar Monsieur Ryan Blum, Surintendant G\u00e9n\u00e9ral de l\u2019American Battle Monuments\nCommission pour le Cimeti\u00e8re Am\u00e9ricain de l&rsquo;Afrique du Nord, cette c\u00e9r\u00e9monie a\n\u00e9t\u00e9 l\u2019occasion pour les \u00e9l\u00e8ves du groupe d\u2019\u00eatre pr\u00e9sent\u00e9s \u00e0 l&rsquo;Ambassadeur des\n\u00c9tats-Unis en Tunisie qui les a f\u00e9licit\u00e9s pour leur implication dans le travail\nde transmission m\u00e9morielle et remerci\u00e9s de leur pr\u00e9sence \u00e0 cette c\u00e9r\u00e9monie.<\/p>\n\n\n<style type=\"text\/css\">\r\n\t#foogallery-gallery-9121 .fg-image {\r\n        width: 150px;\r\n    }\r\n<\/style>\r\n\t\t\t\t<div class=\"foogallery foogallery-container foogallery-default foogallery-lightbox-foobox fg-gutter-10 fg-center fg-default fg-light fg-border-thin fg-shadow-outline fg-loading-default fg-loaded-fade-in fg-caption-hover fg-hover-fade fg-hover-zoom fg-ready\" id=\"foogallery-gallery-9121\" data-foogallery=\"{&quot;item&quot;:{&quot;showCaptionTitle&quot;:true,&quot;showCaptionDescription&quot;:true},&quot;lazy&quot;:true}\" >\r\n\t<div class=\"fg-item fg-type-image fg-idle\"><figure class=\"fg-item-inner\"><a href=\"https:\/\/www.ert.tn\/pmf\/wp-content\/uploads\/2019\/05\/2019-Memorial-Day-Carthage-27-mai1.jpg\" data-attachment-id=\"9122\" data-type=\"image\" class=\"fg-thumb\" data-rel=\"lightbox-image-0\" data-rl_title=\"\" data-rl_caption=\"\" title=\"\"><span class=\"fg-image-wrap\"><img decoding=\"async\" width=\"150\" height=\"150\" class=\"skip-lazy fg-image\" data-src-fg=\"https:\/\/www.ert.tn\/pmf\/wp-content\/uploads\/cache\/2019\/05\/2019-Memorial-Day-Carthage-27-mai1\/1639134586.jpg\" src=\"data:image\/svg+xml,%3Csvg%20xmlns%3D%22http%3A%2F%2Fwww.w3.org%2F2000%2Fsvg%22%20width%3D%22150%22%20height%3D%22150%22%20viewBox%3D%220%200%20150%20150%22%3E%3C%2Fsvg%3E\" loading=\"eager\"><\/span><span class=\"fg-image-overlay\"><\/span><\/a><figcaption class=\"fg-caption\"><div class=\"fg-caption-inner\"><\/div><\/figcaption><\/figure><div class=\"fg-loader\"><\/div><\/div><div class=\"fg-item fg-type-image fg-idle\"><figure class=\"fg-item-inner\"><a href=\"https:\/\/www.ert.tn\/pmf\/wp-content\/uploads\/2019\/05\/2019-Memorial-Day-Carthage-27-mai2.jpg\" data-attachment-id=\"9123\" data-type=\"image\" class=\"fg-thumb\" data-rel=\"lightbox-image-1\" data-rl_title=\"\" data-rl_caption=\"\" title=\"\"><span class=\"fg-image-wrap\"><img decoding=\"async\" width=\"150\" height=\"150\" class=\"skip-lazy fg-image\" data-src-fg=\"https:\/\/www.ert.tn\/pmf\/wp-content\/uploads\/cache\/2019\/05\/2019-Memorial-Day-Carthage-27-mai2\/831350918.jpg\" src=\"data:image\/svg+xml,%3Csvg%20xmlns%3D%22http%3A%2F%2Fwww.w3.org%2F2000%2Fsvg%22%20width%3D%22150%22%20height%3D%22150%22%20viewBox%3D%220%200%20150%20150%22%3E%3C%2Fsvg%3E\" loading=\"eager\"><\/span><span class=\"fg-image-overlay\"><\/span><\/a><figcaption class=\"fg-caption\"><div class=\"fg-caption-inner\"><\/div><\/figcaption><\/figure><div class=\"fg-loader\"><\/div><\/div><div class=\"fg-item fg-type-image fg-idle\"><figure class=\"fg-item-inner\"><a href=\"https:\/\/www.ert.tn\/pmf\/wp-content\/uploads\/2019\/05\/2019-Memorial-Day-Carthage-27-mai3.jpg\" data-attachment-id=\"9124\" data-type=\"image\" class=\"fg-thumb\" data-rel=\"lightbox-image-2\" data-rl_title=\"\" data-rl_caption=\"\" title=\"\"><span class=\"fg-image-wrap\"><img decoding=\"async\" width=\"150\" height=\"150\" class=\"skip-lazy fg-image\" data-src-fg=\"https:\/\/www.ert.tn\/pmf\/wp-content\/uploads\/cache\/2019\/05\/2019-Memorial-Day-Carthage-27-mai3\/2309153926.jpg\" src=\"data:image\/svg+xml,%3Csvg%20xmlns%3D%22http%3A%2F%2Fwww.w3.org%2F2000%2Fsvg%22%20width%3D%22150%22%20height%3D%22150%22%20viewBox%3D%220%200%20150%20150%22%3E%3C%2Fsvg%3E\" loading=\"eager\"><\/span><span class=\"fg-image-overlay\"><\/span><\/a><figcaption class=\"fg-caption\"><div class=\"fg-caption-inner\"><\/div><\/figcaption><\/figure><div class=\"fg-loader\"><\/div><\/div><div class=\"fg-item fg-type-image fg-idle\"><figure class=\"fg-item-inner\"><a href=\"https:\/\/www.ert.tn\/pmf\/wp-content\/uploads\/2019\/05\/2019-Memorial-Day-Carthage-27-mai4.jpg\" data-attachment-id=\"9125\" data-type=\"image\" class=\"fg-thumb\" data-rel=\"lightbox-image-3\" data-rl_title=\"\" data-rl_caption=\"\" title=\"\"><span class=\"fg-image-wrap\"><img decoding=\"async\" width=\"150\" height=\"150\" class=\"skip-lazy fg-image\" data-src-fg=\"https:\/\/www.ert.tn\/pmf\/wp-content\/uploads\/cache\/2019\/05\/2019-Memorial-Day-Carthage-27-mai4\/1574352768.jpg\" src=\"data:image\/svg+xml,%3Csvg%20xmlns%3D%22http%3A%2F%2Fwww.w3.org%2F2000%2Fsvg%22%20width%3D%22150%22%20height%3D%22150%22%20viewBox%3D%220%200%20150%20150%22%3E%3C%2Fsvg%3E\" loading=\"eager\"><\/span><span class=\"fg-image-overlay\"><\/span><\/a><figcaption class=\"fg-caption\"><div class=\"fg-caption-inner\"><\/div><\/figcaption><\/figure><div class=\"fg-loader\"><\/div><\/div><div class=\"fg-item fg-type-image fg-idle\"><figure class=\"fg-item-inner\"><a href=\"https:\/\/www.ert.tn\/pmf\/wp-content\/uploads\/2019\/05\/2019-Memorial-Day-Carthage-27-mai5.jpg\" data-attachment-id=\"9126\" data-type=\"image\" class=\"fg-thumb\" data-rel=\"lightbox-image-4\" data-rl_title=\"\" data-rl_caption=\"\" title=\"\"><span class=\"fg-image-wrap\"><img decoding=\"async\" width=\"150\" height=\"150\" class=\"skip-lazy fg-image\" data-src-fg=\"https:\/\/www.ert.tn\/pmf\/wp-content\/uploads\/cache\/2019\/05\/2019-Memorial-Day-Carthage-27-mai5\/702439294.jpg\" src=\"data:image\/svg+xml,%3Csvg%20xmlns%3D%22http%3A%2F%2Fwww.w3.org%2F2000%2Fsvg%22%20width%3D%22150%22%20height%3D%22150%22%20viewBox%3D%220%200%20150%20150%22%3E%3C%2Fsvg%3E\" loading=\"eager\"><\/span><span class=\"fg-image-overlay\"><\/span><\/a><figcaption class=\"fg-caption\"><div class=\"fg-caption-inner\"><\/div><\/figcaption><\/figure><div class=\"fg-loader\"><\/div><\/div><div class=\"fg-item fg-type-image fg-idle\"><figure class=\"fg-item-inner\"><a href=\"https:\/\/www.ert.tn\/pmf\/wp-content\/uploads\/2019\/05\/2019-Memorial-Day-Carthage-27-mai6.jpg\" data-attachment-id=\"9127\" data-type=\"image\" class=\"fg-thumb\" data-rel=\"lightbox-image-5\" data-rl_title=\"\" data-rl_caption=\"\" title=\"\"><span class=\"fg-image-wrap\"><img decoding=\"async\" width=\"150\" height=\"150\" class=\"skip-lazy fg-image\" data-src-fg=\"https:\/\/www.ert.tn\/pmf\/wp-content\/uploads\/cache\/2019\/05\/2019-Memorial-Day-Carthage-27-mai6\/2044723842.jpg\" src=\"data:image\/svg+xml,%3Csvg%20xmlns%3D%22http%3A%2F%2Fwww.w3.org%2F2000%2Fsvg%22%20width%3D%22150%22%20height%3D%22150%22%20viewBox%3D%220%200%20150%20150%22%3E%3C%2Fsvg%3E\" loading=\"eager\"><\/span><span class=\"fg-image-overlay\"><\/span><\/a><figcaption class=\"fg-caption\"><div class=\"fg-caption-inner\"><\/div><\/figcaption><\/figure><div class=\"fg-loader\"><\/div><\/div><div class=\"fg-item fg-type-image fg-idle\"><figure class=\"fg-item-inner\"><a href=\"https:\/\/www.ert.tn\/pmf\/wp-content\/uploads\/2019\/05\/2019-Memorial-Day-Carthage-27-mai7.jpg\" data-attachment-id=\"9128\" data-type=\"image\" class=\"fg-thumb\" data-rel=\"lightbox-image-6\" data-rl_title=\"\" data-rl_caption=\"\" title=\"\"><span class=\"fg-image-wrap\"><img decoding=\"async\" width=\"150\" height=\"150\" class=\"skip-lazy fg-image\" data-src-fg=\"https:\/\/www.ert.tn\/pmf\/wp-content\/uploads\/cache\/2019\/05\/2019-Memorial-Day-Carthage-27-mai7\/2196783423.jpg\" src=\"data:image\/svg+xml,%3Csvg%20xmlns%3D%22http%3A%2F%2Fwww.w3.org%2F2000%2Fsvg%22%20width%3D%22150%22%20height%3D%22150%22%20viewBox%3D%220%200%20150%20150%22%3E%3C%2Fsvg%3E\" loading=\"eager\"><\/span><span class=\"fg-image-overlay\"><\/span><\/a><figcaption class=\"fg-caption\"><div class=\"fg-caption-inner\"><\/div><\/figcaption><\/figure><div class=\"fg-loader\"><\/div><\/div><div class=\"fg-item fg-type-image fg-idle\"><figure class=\"fg-item-inner\"><a href=\"https:\/\/www.ert.tn\/pmf\/wp-content\/uploads\/2019\/05\/2019-Memorial-Day-Carthage-27-mai8.jpg\" data-attachment-id=\"9129\" data-type=\"image\" class=\"fg-thumb\" data-rel=\"lightbox-image-7\" data-rl_title=\"\" data-rl_caption=\"\" title=\"\"><span class=\"fg-image-wrap\"><img decoding=\"async\" width=\"150\" height=\"150\" class=\"skip-lazy fg-image\" data-src-fg=\"https:\/\/www.ert.tn\/pmf\/wp-content\/uploads\/cache\/2019\/05\/2019-Memorial-Day-Carthage-27-mai8\/2237729164.jpg\" src=\"data:image\/svg+xml,%3Csvg%20xmlns%3D%22http%3A%2F%2Fwww.w3.org%2F2000%2Fsvg%22%20width%3D%22150%22%20height%3D%22150%22%20viewBox%3D%220%200%20150%20150%22%3E%3C%2Fsvg%3E\" loading=\"eager\"><\/span><span class=\"fg-image-overlay\"><\/span><\/a><figcaption class=\"fg-caption\"><div class=\"fg-caption-inner\"><\/div><\/figcaption><\/figure><div class=\"fg-loader\"><\/div><\/div><div class=\"fg-item fg-type-image fg-idle\"><figure class=\"fg-item-inner\"><a href=\"https:\/\/www.ert.tn\/pmf\/wp-content\/uploads\/2019\/05\/2019-Memorial-Day-Carthage-27-mai9.jpg\" data-attachment-id=\"9130\" data-type=\"image\" class=\"fg-thumb\" data-rel=\"lightbox-image-8\" data-rl_title=\"\" data-rl_caption=\"\" title=\"\"><span class=\"fg-image-wrap\"><img decoding=\"async\" width=\"150\" height=\"150\" class=\"skip-lazy fg-image\" data-src-fg=\"https:\/\/www.ert.tn\/pmf\/wp-content\/uploads\/cache\/2019\/05\/2019-Memorial-Day-Carthage-27-mai9\/1502814239.jpg\" src=\"data:image\/svg+xml,%3Csvg%20xmlns%3D%22http%3A%2F%2Fwww.w3.org%2F2000%2Fsvg%22%20width%3D%22150%22%20height%3D%22150%22%20viewBox%3D%220%200%20150%20150%22%3E%3C%2Fsvg%3E\" loading=\"eager\"><\/span><span class=\"fg-image-overlay\"><\/span><\/a><figcaption class=\"fg-caption\"><div class=\"fg-caption-inner\"><\/div><\/figcaption><\/figure><div class=\"fg-loader\"><\/div><\/div><div class=\"fg-item fg-type-image fg-idle\"><figure class=\"fg-item-inner\"><a href=\"https:\/\/www.ert.tn\/pmf\/wp-content\/uploads\/2019\/05\/2019-Memorial-Day-Carthage-27-mai10.jpg\" data-attachment-id=\"9131\" data-type=\"image\" class=\"fg-thumb\" data-rel=\"lightbox-image-9\" data-rl_title=\"\" data-rl_caption=\"\" title=\"\"><span class=\"fg-image-wrap\"><img decoding=\"async\" width=\"150\" height=\"150\" class=\"skip-lazy fg-image\" data-src-fg=\"https:\/\/www.ert.tn\/pmf\/wp-content\/uploads\/cache\/2019\/05\/2019-Memorial-Day-Carthage-27-mai10\/4237196928.jpg\" src=\"data:image\/svg+xml,%3Csvg%20xmlns%3D%22http%3A%2F%2Fwww.w3.org%2F2000%2Fsvg%22%20width%3D%22150%22%20height%3D%22150%22%20viewBox%3D%220%200%20150%20150%22%3E%3C%2Fsvg%3E\" loading=\"eager\"><\/span><span class=\"fg-image-overlay\"><\/span><\/a><figcaption class=\"fg-caption\"><div class=\"fg-caption-inner\"><\/div><\/figcaption><\/figure><div class=\"fg-loader\"><\/div><\/div><div class=\"fg-item fg-type-image fg-idle\"><figure class=\"fg-item-inner\"><a href=\"https:\/\/www.ert.tn\/pmf\/wp-content\/uploads\/2019\/05\/2019-Memorial-Day-Carthage-27-mai11.jpg\" data-attachment-id=\"9132\" data-type=\"image\" class=\"fg-thumb\" data-rel=\"lightbox-image-10\" data-rl_title=\"\" data-rl_caption=\"\" title=\"\"><span class=\"fg-image-wrap\"><img decoding=\"async\" width=\"150\" height=\"150\" class=\"skip-lazy fg-image\" data-src-fg=\"https:\/\/www.ert.tn\/pmf\/wp-content\/uploads\/cache\/2019\/05\/2019-Memorial-Day-Carthage-27-mai11\/2100215214.jpg\" src=\"data:image\/svg+xml,%3Csvg%20xmlns%3D%22http%3A%2F%2Fwww.w3.org%2F2000%2Fsvg%22%20width%3D%22150%22%20height%3D%22150%22%20viewBox%3D%220%200%20150%20150%22%3E%3C%2Fsvg%3E\" loading=\"eager\"><\/span><span class=\"fg-image-overlay\"><\/span><\/a><figcaption class=\"fg-caption\"><div class=\"fg-caption-inner\"><\/div><\/figcaption><\/figure><div class=\"fg-loader\"><\/div><\/div><div class=\"fg-item fg-type-image fg-idle\"><figure class=\"fg-item-inner\"><a href=\"https:\/\/www.ert.tn\/pmf\/wp-content\/uploads\/2019\/05\/2019-Memorial-Day-Carthage-27-mai12.jpg\" data-attachment-id=\"9133\" data-type=\"image\" class=\"fg-thumb\" data-rel=\"lightbox-image-11\" data-rl_title=\"\" data-rl_caption=\"\" title=\"\"><span class=\"fg-image-wrap\"><img decoding=\"async\" width=\"150\" height=\"150\" class=\"skip-lazy fg-image\" data-src-fg=\"https:\/\/www.ert.tn\/pmf\/wp-content\/uploads\/cache\/2019\/05\/2019-Memorial-Day-Carthage-27-mai12\/2121729762.jpg\" src=\"data:image\/svg+xml,%3Csvg%20xmlns%3D%22http%3A%2F%2Fwww.w3.org%2F2000%2Fsvg%22%20width%3D%22150%22%20height%3D%22150%22%20viewBox%3D%220%200%20150%20150%22%3E%3C%2Fsvg%3E\" loading=\"eager\"><\/span><span class=\"fg-image-overlay\"><\/span><\/a><figcaption class=\"fg-caption\"><div class=\"fg-caption-inner\"><\/div><\/figcaption><\/figure><div class=\"fg-loader\"><\/div><\/div><div class=\"fg-item fg-type-image fg-idle\"><figure class=\"fg-item-inner\"><a href=\"https:\/\/www.ert.tn\/pmf\/wp-content\/uploads\/2019\/05\/2019-Memorial-Day-Carthage-27-mai13.jpg\" data-attachment-id=\"9134\" data-type=\"image\" class=\"fg-thumb\" data-rel=\"lightbox-image-12\" data-rl_title=\"\" data-rl_caption=\"\" title=\"\"><span class=\"fg-image-wrap\"><img decoding=\"async\" width=\"150\" height=\"150\" class=\"skip-lazy fg-image\" data-src-fg=\"https:\/\/www.ert.tn\/pmf\/wp-content\/uploads\/cache\/2019\/05\/2019-Memorial-Day-Carthage-27-mai13\/2770222515.jpg\" src=\"data:image\/svg+xml,%3Csvg%20xmlns%3D%22http%3A%2F%2Fwww.w3.org%2F2000%2Fsvg%22%20width%3D%22150%22%20height%3D%22150%22%20viewBox%3D%220%200%20150%20150%22%3E%3C%2Fsvg%3E\" loading=\"eager\"><\/span><span class=\"fg-image-overlay\"><\/span><\/a><figcaption class=\"fg-caption\"><div class=\"fg-caption-inner\"><\/div><\/figcaption><\/figure><div class=\"fg-loader\"><\/div><\/div><div class=\"fg-item fg-type-image fg-idle\"><figure class=\"fg-item-inner\"><a href=\"https:\/\/www.ert.tn\/pmf\/wp-content\/uploads\/2019\/05\/2019-Memorial-Day-Carthage-27-mai14.jpg\" data-attachment-id=\"9135\" data-type=\"image\" class=\"fg-thumb\" data-rel=\"lightbox-image-13\" data-rl_title=\"\" data-rl_caption=\"\" title=\"\"><span class=\"fg-image-wrap\"><img decoding=\"async\" width=\"150\" height=\"150\" class=\"skip-lazy fg-image\" data-src-fg=\"https:\/\/www.ert.tn\/pmf\/wp-content\/uploads\/cache\/2019\/05\/2019-Memorial-Day-Carthage-27-mai14\/571312133.jpg\" src=\"data:image\/svg+xml,%3Csvg%20xmlns%3D%22http%3A%2F%2Fwww.w3.org%2F2000%2Fsvg%22%20width%3D%22150%22%20height%3D%22150%22%20viewBox%3D%220%200%20150%20150%22%3E%3C%2Fsvg%3E\" loading=\"eager\"><\/span><span class=\"fg-image-overlay\"><\/span><\/a><figcaption class=\"fg-caption\"><div class=\"fg-caption-inner\"><\/div><\/figcaption><\/figure><div class=\"fg-loader\"><\/div><\/div><div class=\"fg-item fg-type-image fg-idle\"><figure class=\"fg-item-inner\"><a href=\"https:\/\/www.ert.tn\/pmf\/wp-content\/uploads\/2019\/05\/2019-Memorial-Day-Carthage-27-mai15.jpg\" data-attachment-id=\"9136\" data-type=\"image\" class=\"fg-thumb\" data-rel=\"lightbox-image-14\" data-rl_title=\"\" data-rl_caption=\"\" title=\"\"><span class=\"fg-image-wrap\"><img decoding=\"async\" width=\"150\" height=\"150\" class=\"skip-lazy fg-image\" data-src-fg=\"https:\/\/www.ert.tn\/pmf\/wp-content\/uploads\/cache\/2019\/05\/2019-Memorial-Day-Carthage-27-mai15\/2746043179.jpg\" src=\"data:image\/svg+xml,%3Csvg%20xmlns%3D%22http%3A%2F%2Fwww.w3.org%2F2000%2Fsvg%22%20width%3D%22150%22%20height%3D%22150%22%20viewBox%3D%220%200%20150%20150%22%3E%3C%2Fsvg%3E\" loading=\"eager\"><\/span><span class=\"fg-image-overlay\"><\/span><\/a><figcaption class=\"fg-caption\"><div class=\"fg-caption-inner\"><\/div><\/figcaption><\/figure><div class=\"fg-loader\"><\/div><\/div><div class=\"fg-item fg-type-image fg-idle\"><figure class=\"fg-item-inner\"><a href=\"https:\/\/www.ert.tn\/pmf\/wp-content\/uploads\/2019\/05\/2019-Memorial-Day-Carthage-27-mai16.jpg\" data-attachment-id=\"9137\" data-type=\"image\" class=\"fg-thumb\" data-rel=\"lightbox-image-15\" data-rl_title=\"\" data-rl_caption=\"\" title=\"\"><span class=\"fg-image-wrap\"><img decoding=\"async\" width=\"150\" height=\"150\" class=\"skip-lazy fg-image\" data-src-fg=\"https:\/\/www.ert.tn\/pmf\/wp-content\/uploads\/cache\/2019\/05\/2019-Memorial-Day-Carthage-27-mai16\/2700406887.jpg\" src=\"data:image\/svg+xml,%3Csvg%20xmlns%3D%22http%3A%2F%2Fwww.w3.org%2F2000%2Fsvg%22%20width%3D%22150%22%20height%3D%22150%22%20viewBox%3D%220%200%20150%20150%22%3E%3C%2Fsvg%3E\" loading=\"eager\"><\/span><span class=\"fg-image-overlay\"><\/span><\/a><figcaption class=\"fg-caption\"><div class=\"fg-caption-inner\"><\/div><\/figcaption><\/figure><div class=\"fg-loader\"><\/div><\/div><div class=\"fg-item fg-type-image fg-idle\"><figure class=\"fg-item-inner\"><a href=\"https:\/\/www.ert.tn\/pmf\/wp-content\/uploads\/2019\/05\/2019-Memorial-Day-Carthage-27-mai17.jpg\" data-attachment-id=\"9138\" data-type=\"image\" class=\"fg-thumb\" data-rel=\"lightbox-image-16\" data-rl_title=\"\" data-rl_caption=\"\" title=\"\"><span class=\"fg-image-wrap\"><img decoding=\"async\" width=\"150\" height=\"150\" class=\"skip-lazy fg-image\" data-src-fg=\"https:\/\/www.ert.tn\/pmf\/wp-content\/uploads\/cache\/2019\/05\/2019-Memorial-Day-Carthage-27-mai17\/3457039304.jpg\" src=\"data:image\/svg+xml,%3Csvg%20xmlns%3D%22http%3A%2F%2Fwww.w3.org%2F2000%2Fsvg%22%20width%3D%22150%22%20height%3D%22150%22%20viewBox%3D%220%200%20150%20150%22%3E%3C%2Fsvg%3E\" loading=\"eager\"><\/span><span class=\"fg-image-overlay\"><\/span><\/a><figcaption class=\"fg-caption\"><div class=\"fg-caption-inner\"><\/div><\/figcaption><\/figure><div class=\"fg-loader\"><\/div><\/div><\/div>\r\n","protected":false},"excerpt":{"rendered":"<p>Afin de rendre hommage aux membres des Forces arm&eacute;es des &Eacute;tats-Unis morts au combat toutes guerres confondues, lors du dernier<\/p>\n","protected":false},"author":2,"featured_media":9139,"comment_status":"closed","ping_status":"closed","sticky":false,"template":"","format":"standard","meta":{"_exactmetrics_skip_tracking":false,"_exactmetrics_sitenote_active":false,"_exactmetrics_sitenote_note":"","_exactmetrics_sitenote_category":0,"footnotes":""},"categories":[195,239],"tags":[],"class_list":["post-9118","post","type-post","status-publish","format-standard","has-post-thumbnail","hentry","category-actualites-de-pmf","category-la-tunisie-et-la-grande-guerre"],"_links":{"self":[{"href":"https:\/\/www.ert.tn\/pmf\/wp-json\/wp\/v2\/posts\/9118","targetHints":{"allow":["GET"]}}],"collection":[{"href":"https:\/\/www.ert.tn\/pmf\/wp-json\/wp\/v2\/posts"}],"about":[{"href":"https:\/\/www.ert.tn\/pmf\/wp-json\/wp\/v2\/types\/post"}],"author":[{"embeddable":true,"href":"https:\/\/www.ert.tn\/pmf\/wp-json\/wp\/v2\/users\/2"}],"replies":[{"embeddable":true,"href":"https:\/\/www.ert.tn\/pmf\/wp-json\/wp\/v2\/comments?post=9118"}],"version-history":[{"count":2,"href":"https:\/\/www.ert.tn\/pmf\/wp-json\/wp\/v2\/posts\/9118\/revisions"}],"predecessor-version":[{"id":9140,"href":"https:\/\/www.ert.tn\/pmf\/wp-json\/wp\/v2\/posts\/9118\/revisions\/9140"}],"wp:featuredmedia":[{"embeddable":true,"href":"https:\/\/www.ert.tn\/pmf\/wp-json\/wp\/v2\/media\/9139"}],"wp:attachment":[{"href":"https:\/\/www.ert.tn\/pmf\/wp-json\/wp\/v2\/media?parent=9118"}],"wp:term":[{"taxonomy":"category","embeddable":true,"href":"https:\/\/www.ert.tn\/pmf\/wp-json\/wp\/v2\/categories?post=9118"},{"taxonomy":"post_tag","embeddable":true,"href":"https:\/\/www.ert.tn\/pmf\/wp-json\/wp\/v2\/tags?post=9118"}],"curies":[{"name":"wp","href":"https:\/\/api.w.org\/{rel}","templated":true}]}}