{"id":9485,"date":"2025-09-09T08:20:00","date_gmt":"2025-09-09T07:20:00","guid":{"rendered":"https:\/\/www.ert.tn\/pmf\/?p=9485"},"modified":"2025-09-09T10:28:25","modified_gmt":"2025-09-09T09:28:25","slug":"contacts-vie-scolaire","status":"publish","type":"post","link":"https:\/\/www.ert.tn\/pmf\/2025\/09\/09\/contacts-vie-scolaire\/","title":{"rendered":"Contacts Vie Scolaire"},"content":{"rendered":"\n<p>Durant l&rsquo;ann\u00e9e scolaire 2025\/2026, trois <strong>conseillers principaux d\u2019\u00e9ducation<\/strong> assureront le suivi des classes\u00a0comme suit :<\/p>\n\n\n\n<ul class=\"wp-block-list\">\n<li><strong>Mme GONZALEZ Am\u00e9lie<\/strong> : 6\u00e8me et 4\u00e8me <\/li>\n\n\n\n<li><strong>Mme BEN SMIDA Rihab<\/strong> : 5\u00e8me et 3\u00e8me<\/li>\n\n\n\n<li><strong>Mme PRESLES Chrystelle <\/strong>: Seconde, Premi\u00e8re et Terminale<\/li>\n<\/ul>\n\n\n\n<p><strong>Et leurs adjoints d\u2019\u00e9ducation&nbsp;: <\/strong><\/p>\n\n\n\n<ul class=\"wp-block-list\">\n<li><strong>Mme BEN REJEB Nadia<\/strong> :  6\u00e8me et 4\u00e8me  <\/li>\n\n\n\n<li><strong>Service Vie Scolaire<\/strong> :  5\u00e8me et 3\u00e8me<\/li>\n\n\n\n<li><strong>M. LAKHDAR Abdallah<\/strong> :  Seconde <\/li>\n\n\n\n<li><strong>Mme KHELIFI Maha<\/strong> : Premi\u00e8re et Terminale<\/li>\n<\/ul>\n\n\n\n<p><strong>Contact mail VIE SCOLAIRE<\/strong><\/p>\n\n\n\n<p>Pour contacter\u00a0la vie scolaire par mail (absences et retards), nous vous remercions d\u2019utiliser l&rsquo;adresse mail suivante\u00a0: <a href=\"viescolaire@ert.tn\"><strong>vie.scolaire@ert.tn<\/strong><\/a><\/p>\n\n\n\n<p><strong>Concernant les autorisations de sortie exceptionnelles<\/strong>, les d\u00e9charges doivent \u00eatre envoy\u00e9es avant 10h le jour m\u00eame \u00e0 l\u2019adresse suivante\u00a0: <strong><a href=\"decharge.ert@ert.tn\">decharge.ert@ert.tn<\/a><\/strong> <\/p>\n\n\n\n<p>Les d\u00e9charges envoy\u00e9es tardivement ne seront pas trait\u00e9es. <\/p>\n\n\n\n<p>Un d\u00e9lai de\u00a03 semaines\u00a0est accord\u00e9 aux familles\u00a0en septembre pour <strong>demander un changement de r\u00e9gime pour la cantine<\/strong> en fonction de l\u2019EDT. Les demandes doivent \u00eatre adress\u00e9es par mail \u00e0 :\u00a0<strong><a href=\"mailto:demipension@ert.tn\" target=\"_blank\" rel=\"noreferrer noopener\">demipension@ert.tn<\/a><\/strong><\/p>\n\n\n\n<p>Il est \u00e9galement rappel\u00e9 aux \u00e9l\u00e8ves\ndemi-pensionnaires qu\u2019il vous est interdit de quitter l\u2019\u00e9tablissement pendant\nla pause m\u00e9ridienne.<\/p>\n","protected":false},"excerpt":{"rendered":"<p>Durant l&rsquo;ann&eacute;e scolaire 2025\/2026, trois conseillers principaux d&rsquo;&eacute;ducation assureront le suivi des classes&nbsp;comme suit : Et leurs adjoints d&rsquo;&eacute;ducation&nbsp;: Contact<\/p>\n","protected":false},"author":1,"featured_media":9488,"comment_status":"closed","ping_status":"closed","sticky":false,"template":"","format":"standard","meta":{"_exactmetrics_skip_tracking":false,"_exactmetrics_sitenote_active":false,"_exactmetrics_sitenote_note":"","_exactmetrics_sitenote_category":0,"footnotes":""},"categories":[168,220],"tags":[],"class_list":["post-9485","post","type-post","status-publish","format-standard","has-post-thumbnail","hentry","category-vie-scolaire","category-vie-scolaire-2"],"_links":{"self":[{"href":"https:\/\/www.ert.tn\/pmf\/wp-json\/wp\/v2\/posts\/9485","targetHints":{"allow":["GET"]}}],"collection":[{"href":"https:\/\/www.ert.tn\/pmf\/wp-json\/wp\/v2\/posts"}],"about":[{"href":"https:\/\/www.ert.tn\/pmf\/wp-json\/wp\/v2\/types\/post"}],"author":[{"embeddable":true,"href":"https:\/\/www.ert.tn\/pmf\/wp-json\/wp\/v2\/users\/1"}],"replies":[{"embeddable":true,"href":"https:\/\/www.ert.tn\/pmf\/wp-json\/wp\/v2\/comments?post=9485"}],"version-history":[{"count":11,"href":"https:\/\/www.ert.tn\/pmf\/wp-json\/wp\/v2\/posts\/9485\/revisions"}],"predecessor-version":[{"id":19097,"href":"https:\/\/www.ert.tn\/pmf\/wp-json\/wp\/v2\/posts\/9485\/revisions\/19097"}],"wp:featuredmedia":[{"embeddable":true,"href":"https:\/\/www.ert.tn\/pmf\/wp-json\/wp\/v2\/media\/9488"}],"wp:attachment":[{"href":"https:\/\/www.ert.tn\/pmf\/wp-json\/wp\/v2\/media?parent=9485"}],"wp:term":[{"taxonomy":"category","embeddable":true,"href":"https:\/\/www.ert.tn\/pmf\/wp-json\/wp\/v2\/categories?post=9485"},{"taxonomy":"post_tag","embeddable":true,"href":"https:\/\/www.ert.tn\/pmf\/wp-json\/wp\/v2\/tags?post=9485"}],"curies":[{"name":"wp","href":"https:\/\/api.w.org\/{rel}","templated":true}]}}