{"id":9541,"date":"2022-10-12T08:48:42","date_gmt":"2022-10-12T06:48:42","guid":{"rendered":"https:\/\/www.ert.tn\/pmf\/?p=9541"},"modified":"2022-10-12T14:58:16","modified_gmt":"2022-10-12T12:58:16","slug":"election-au-conseil-de-la-vie-collegienne-cvc","status":"publish","type":"post","link":"https:\/\/www.ert.tn\/pmf\/2022\/10\/12\/election-au-conseil-de-la-vie-collegienne-cvc\/","title":{"rendered":"Votez pour vos repr\u00e9sentants au CVC"},"content":{"rendered":"\n<p>Les <strong>\u00e9lections des repr\u00e9sentants des \u00e9l\u00e8ves au conseil de la vie coll\u00e9gienne<\/strong> (CVC) auront lieu <strong>le jeudi 13 et vendredi 14 octobre 2022.<\/strong><\/p>\n\n\n\n<p><strong>Tous les coll\u00e9giens sont invit\u00e9s \u00e0\nvoter par voie \u00e9lectronique (Pronote)&nbsp; <\/strong><\/p>\n\n\n\n<p><em>7 si\u00e8ges vacants, 12 candidats\u00a0:<\/em><\/p>\n\n\n\n<ul class=\"wp-block-list\"><li> 01: SKANDER Youssef 5.02 \/ BEN AMOR Nour 5.02<\/li><li>02: GMACH Anais 4.04 \/ HICHERI Feriel 4.01<\/li><li>03: ACHAB Aziz 3.06 \/ HAMZAOUI Ismael 3.06<\/li><li>04: CHOUIKHA Sassi 6.05 \/ MANSOUR Selim 6.05<\/li><li>05: SMAOUI Yassine 3.09 \/ MRAD Aziz 3.07<\/li><li>06: ABDELHEDI Rayen 3.04 \/ BEN YOUSSEF Neil 3.04<\/li><li>07: AISSA Maya 5.06 \/ BEN NACEUR Ines 5.06<\/li><li>08: HENI Soufia 3.07 \/ ABDELHEDI Lyna 3.08<\/li><li>09: BOUKER Fares 3.09 \/ KOCHLEF Shams 3.01<\/li><li>10: BOUASSIDA Ilyes 3.05 \/ DHOUIB Mohamed 3.02<\/li><li>11: KOUNDI Yessine 5.09\/ PIERROTTI Adam 5.09<\/li><li>12: MDIMAGH Emna 3.02 \/ BEN JEMAA Fatma 4.03 <\/li><\/ul>\n\n\n\n<p>Bon vote&nbsp;!<strong><em><\/em><\/strong><\/p>\n","protected":false},"excerpt":{"rendered":"<p>Les &eacute;lections des repr&eacute;sentants des &eacute;l&egrave;ves au conseil de la vie coll&eacute;gienne (CVC) auront lieu le jeudi 13 et vendredi<\/p>\n","protected":false},"author":2,"featured_media":9544,"comment_status":"closed","ping_status":"closed","sticky":false,"template":"","format":"standard","meta":{"_exactmetrics_skip_tracking":false,"_exactmetrics_sitenote_active":false,"_exactmetrics_sitenote_note":"","_exactmetrics_sitenote_category":0,"footnotes":""},"categories":[195,203],"tags":[],"class_list":["post-9541","post","type-post","status-publish","format-standard","has-post-thumbnail","hentry","category-actualites-de-pmf","category-c-v-l"],"_links":{"self":[{"href":"https:\/\/www.ert.tn\/pmf\/wp-json\/wp\/v2\/posts\/9541","targetHints":{"allow":["GET"]}}],"collection":[{"href":"https:\/\/www.ert.tn\/pmf\/wp-json\/wp\/v2\/posts"}],"about":[{"href":"https:\/\/www.ert.tn\/pmf\/wp-json\/wp\/v2\/types\/post"}],"author":[{"embeddable":true,"href":"https:\/\/www.ert.tn\/pmf\/wp-json\/wp\/v2\/users\/2"}],"replies":[{"embeddable":true,"href":"https:\/\/www.ert.tn\/pmf\/wp-json\/wp\/v2\/comments?post=9541"}],"version-history":[{"count":3,"href":"https:\/\/www.ert.tn\/pmf\/wp-json\/wp\/v2\/posts\/9541\/revisions"}],"predecessor-version":[{"id":14034,"href":"https:\/\/www.ert.tn\/pmf\/wp-json\/wp\/v2\/posts\/9541\/revisions\/14034"}],"wp:featuredmedia":[{"embeddable":true,"href":"https:\/\/www.ert.tn\/pmf\/wp-json\/wp\/v2\/media\/9544"}],"wp:attachment":[{"href":"https:\/\/www.ert.tn\/pmf\/wp-json\/wp\/v2\/media?parent=9541"}],"wp:term":[{"taxonomy":"category","embeddable":true,"href":"https:\/\/www.ert.tn\/pmf\/wp-json\/wp\/v2\/categories?post=9541"},{"taxonomy":"post_tag","embeddable":true,"href":"https:\/\/www.ert.tn\/pmf\/wp-json\/wp\/v2\/tags?post=9541"}],"curies":[{"name":"wp","href":"https:\/\/api.w.org\/{rel}","templated":true}]}}