{"id":9982,"date":"2019-12-04T09:31:44","date_gmt":"2019-12-04T08:31:44","guid":{"rendered":"https:\/\/www.ert.tn\/pmf\/?p=9982"},"modified":"2019-12-10T11:46:11","modified_gmt":"2019-12-10T10:46:11","slug":"cine-langues","status":"publish","type":"post","link":"https:\/\/www.ert.tn\/pmf\/2019\/12\/04\/cine-langues\/","title":{"rendered":"Cin\u00e9-langues"},"content":{"rendered":"\n<p>Le <strong>Cin\u00e9ma<\/strong>, a toujours \u00e9t\u00e9 un atout ind\u00e9niable en cours de langue : les \u00e9l\u00e8ves appr\u00e9cient cet art qui permet une <strong>r\u00e9elle immersion linguistique et culturelle.<\/strong><\/p>\n\n\n\n<p>Les langues vivantes concern\u00e9es par ce projet sont: <strong>l&rsquo;espagnol, l&rsquo;arabe et l&rsquo;italien<\/strong>. Les \u00e9l\u00e8ves de Premi\u00e8re participeront \u00e0 une projection un mercredi par mois et les axes \u00e9tudi\u00e9s seront exploit\u00e9s par la suite en cours: d\u00e9bat, articles critiques, mises en sc\u00e8ne de conf\u00e9rences de presse &#8230;<\/p>\n\n\n\n<p>La deuxi\u00e8me s\u00e9ance aura lieu mercredi <strong>18 d\u00e9cembre<\/strong> (de 16h \u00e0 18h en salle polyvalente) avec la projection de <em><strong>Las 13 rosas<\/strong><\/em>, film espagnol\u00a0r\u00e9alis\u00e9 par\u00a0Emilio Mart\u00ednez L\u00e1zaro\u00a0en\u00a02007.  Les classes de <strong>1\u00b01 \/ 2 \/ 5 \/ 9\/ 7 et 10<\/strong> seront encadr\u00e9s par Mme El Azhar et M. EL Azhar.<\/p>\n\n\n\n<div class=\"wp-block-image\"><figure class=\"aligncenter is-resized\"><img loading=\"lazy\" decoding=\"async\" src=\"https:\/\/www.ert.tn\/pmf\/wp-content\/uploads\/2019\/12\/760174-1024x768.jpg\" alt=\"\" class=\"wp-image-10031\" width=\"512\" height=\"384\" srcset=\"https:\/\/www.ert.tn\/pmf\/wp-content\/uploads\/2019\/12\/760174-1024x768.jpg 1024w, https:\/\/www.ert.tn\/pmf\/wp-content\/uploads\/2019\/12\/760174-300x225.jpg 300w, https:\/\/www.ert.tn\/pmf\/wp-content\/uploads\/2019\/12\/760174-768x576.jpg 768w, https:\/\/www.ert.tn\/pmf\/wp-content\/uploads\/2019\/12\/760174.jpg 1600w\" sizes=\"auto, (max-width: 512px) 100vw, 512px\" \/><\/figure><\/div>\n\n\n\n<p><br><\/p>\n","protected":false},"excerpt":{"rendered":"<p>Le Cin&eacute;ma, a toujours &eacute;t&eacute; un atout ind&eacute;niable en cours de langue : les &eacute;l&egrave;ves appr&eacute;cient cet art qui permet<\/p>\n","protected":false},"author":2,"featured_media":9994,"comment_status":"closed","ping_status":"closed","sticky":false,"template":"","format":"standard","meta":{"_exactmetrics_skip_tracking":false,"_exactmetrics_sitenote_active":false,"_exactmetrics_sitenote_note":"","_exactmetrics_sitenote_category":0,"footnotes":""},"categories":[195,176,180,184],"tags":[],"class_list":["post-9982","post","type-post","status-publish","format-standard","has-post-thumbnail","hentry","category-actualites-de-pmf","category-arabe","category-espagnol","category-italien"],"_links":{"self":[{"href":"https:\/\/www.ert.tn\/pmf\/wp-json\/wp\/v2\/posts\/9982","targetHints":{"allow":["GET"]}}],"collection":[{"href":"https:\/\/www.ert.tn\/pmf\/wp-json\/wp\/v2\/posts"}],"about":[{"href":"https:\/\/www.ert.tn\/pmf\/wp-json\/wp\/v2\/types\/post"}],"author":[{"embeddable":true,"href":"https:\/\/www.ert.tn\/pmf\/wp-json\/wp\/v2\/users\/2"}],"replies":[{"embeddable":true,"href":"https:\/\/www.ert.tn\/pmf\/wp-json\/wp\/v2\/comments?post=9982"}],"version-history":[{"count":4,"href":"https:\/\/www.ert.tn\/pmf\/wp-json\/wp\/v2\/posts\/9982\/revisions"}],"predecessor-version":[{"id":10032,"href":"https:\/\/www.ert.tn\/pmf\/wp-json\/wp\/v2\/posts\/9982\/revisions\/10032"}],"wp:featuredmedia":[{"embeddable":true,"href":"https:\/\/www.ert.tn\/pmf\/wp-json\/wp\/v2\/media\/9994"}],"wp:attachment":[{"href":"https:\/\/www.ert.tn\/pmf\/wp-json\/wp\/v2\/media?parent=9982"}],"wp:term":[{"taxonomy":"category","embeddable":true,"href":"https:\/\/www.ert.tn\/pmf\/wp-json\/wp\/v2\/categories?post=9982"},{"taxonomy":"post_tag","embeddable":true,"href":"https:\/\/www.ert.tn\/pmf\/wp-json\/wp\/v2\/tags?post=9982"}],"curies":[{"name":"wp","href":"https:\/\/api.w.org\/{rel}","templated":true}]}}