{"id":9986,"date":"2019-12-03T16:45:29","date_gmt":"2019-12-03T15:45:29","guid":{"rendered":"https:\/\/www.ert.tn\/pmf\/?p=9986"},"modified":"2019-12-06T09:02:29","modified_gmt":"2019-12-06T08:02:29","slug":"la-journee-mondiale-de-la-langue-arabe-a-pmf","status":"publish","type":"post","link":"https:\/\/www.ert.tn\/pmf\/2019\/12\/03\/la-journee-mondiale-de-la-langue-arabe-a-pmf\/","title":{"rendered":"La Journ\u00e9e mondiale de la langue arabe \u00e0 PMF"},"content":{"rendered":"\n<p>Le mercredi <strong>18 d\u00e9cembre<\/strong> est la <strong>Journ\u00e9e mondiale de la langue arabe<\/strong>, une date choisie par l&rsquo;UNESCO pour comm\u00e9morer le jour o\u00f9 la langue arabe a \u00e9t\u00e9 choisie comme sixi\u00e8me langue de communication au sein de l&rsquo;Organisation des Nations Unis, en 1973. Cette ann\u00e9e, la th\u00e9matique retenue est la suivante&nbsp;: <strong>\u00ab Langue arabe et intelligence artificielle \u00bb<\/strong>.<\/p>\n\n\n\n<p><strong>Notre \u00e9tablissement f\u00eatera cette date tout le mois de d\u00e9cembre&nbsp;2019\npour montrer les richesses de cette langue<\/strong> en tant que v\u00e9hicule de cultures\net de civilisations du monde arabe.<\/p>\n\n\n\n<p>Pour d\u00e9couvrir toutes les actions p\u00e9dagogiques mises en place, cliquez ici\u00a0:  <a rel=\"noreferrer noopener\" aria-label=\" (s\u2019ouvre dans un nouvel onglet)\" href=\"https:\/\/padlet.com\/rym_chridi\/sf2ve5zvqsz8\" target=\"_blank\">https:\/\/padlet.com\/sf2ve5zvqsz8<\/a> <\/p>\n\n\n\n<p>Le padlet sera mis \u00e0 jour r\u00e9guli\u00e8rement avec photos, articles &#8230;<\/p>\n\n\n\n<p>Un grand <strong>merci<\/strong> \u00e0 tous les <strong>\u00e9l\u00e8ves et aux enseignants de langue arabe<\/strong> qui se sont fortement mobilis\u00e9s pour nous offrir un aussi riche programme.<\/p>\n\n\n\n<p>Et merci \u00e0 <strong>Donia Ben Ayed<\/strong>, \u00e9l\u00e8ve de <strong>1\u00e8re OIB<\/strong>, qui a r\u00e9alis\u00e9 les affiches de l&rsquo;\u00e9v\u00e9nement.<\/p>\n\n\n\n<div class=\"wp-block-image\"><figure class=\"aligncenter is-resized\"><img loading=\"lazy\" decoding=\"async\" src=\"https:\/\/www.ert.tn\/pmf\/wp-content\/uploads\/2019\/12\/Affiche-de-la-journ\u00e9e-de-la-langue-arabe-2-1-Selection-724x1024.jpg\" alt=\"\" class=\"wp-image-9990\" width=\"543\" height=\"768\" srcset=\"https:\/\/www.ert.tn\/pmf\/wp-content\/uploads\/2019\/12\/Affiche-de-la-journ\u00e9e-de-la-langue-arabe-2-1-Selection-724x1024.jpg 724w, https:\/\/www.ert.tn\/pmf\/wp-content\/uploads\/2019\/12\/Affiche-de-la-journ\u00e9e-de-la-langue-arabe-2-1-Selection-212x300.jpg 212w, https:\/\/www.ert.tn\/pmf\/wp-content\/uploads\/2019\/12\/Affiche-de-la-journ\u00e9e-de-la-langue-arabe-2-1-Selection-768x1087.jpg 768w\" sizes=\"auto, (max-width: 543px) 100vw, 543px\" \/><\/figure><\/div>\n","protected":false},"excerpt":{"rendered":"<p>Le mercredi 18 d&eacute;cembre est la Journ&eacute;e mondiale de la langue arabe, une date choisie par l&rsquo;UNESCO pour comm&eacute;morer le<\/p>\n","protected":false},"author":2,"featured_media":9987,"comment_status":"closed","ping_status":"closed","sticky":false,"template":"","format":"standard","meta":{"_exactmetrics_skip_tracking":false,"_exactmetrics_sitenote_active":false,"_exactmetrics_sitenote_note":"","_exactmetrics_sitenote_category":0,"footnotes":""},"categories":[195,176],"tags":[],"class_list":["post-9986","post","type-post","status-publish","format-standard","has-post-thumbnail","hentry","category-actualites-de-pmf","category-arabe"],"_links":{"self":[{"href":"https:\/\/www.ert.tn\/pmf\/wp-json\/wp\/v2\/posts\/9986","targetHints":{"allow":["GET"]}}],"collection":[{"href":"https:\/\/www.ert.tn\/pmf\/wp-json\/wp\/v2\/posts"}],"about":[{"href":"https:\/\/www.ert.tn\/pmf\/wp-json\/wp\/v2\/types\/post"}],"author":[{"embeddable":true,"href":"https:\/\/www.ert.tn\/pmf\/wp-json\/wp\/v2\/users\/2"}],"replies":[{"embeddable":true,"href":"https:\/\/www.ert.tn\/pmf\/wp-json\/wp\/v2\/comments?post=9986"}],"version-history":[{"count":5,"href":"https:\/\/www.ert.tn\/pmf\/wp-json\/wp\/v2\/posts\/9986\/revisions"}],"predecessor-version":[{"id":10004,"href":"https:\/\/www.ert.tn\/pmf\/wp-json\/wp\/v2\/posts\/9986\/revisions\/10004"}],"wp:featuredmedia":[{"embeddable":true,"href":"https:\/\/www.ert.tn\/pmf\/wp-json\/wp\/v2\/media\/9987"}],"wp:attachment":[{"href":"https:\/\/www.ert.tn\/pmf\/wp-json\/wp\/v2\/media?parent=9986"}],"wp:term":[{"taxonomy":"category","embeddable":true,"href":"https:\/\/www.ert.tn\/pmf\/wp-json\/wp\/v2\/categories?post=9986"},{"taxonomy":"post_tag","embeddable":true,"href":"https:\/\/www.ert.tn\/pmf\/wp-json\/wp\/v2\/tags?post=9986"}],"curies":[{"name":"wp","href":"https:\/\/api.w.org\/{rel}","templated":true}]}}